{"id":25091,"date":"2025-09-17T16:22:35","date_gmt":"2025-09-17T19:22:35","guid":{"rendered":"https:\/\/coronelxavierchaves.mg.gov.br\/prefeitura\/?p=25091"},"modified":"2026-03-27T15:50:20","modified_gmt":"2026-03-27T18:50:20","slug":"aviso-de-licitacao-pl-111-2025-aquisicao-de-playgrounds-em-madeira-de-eucalipto-para-espacos-publicos-de-lazer","status":"publish","type":"post","link":"https:\/\/coronelxavierchaves.mg.gov.br\/prefeitura\/2025\/09\/17\/aviso-de-licitacao-pl-111-2025-aquisicao-de-playgrounds-em-madeira-de-eucalipto-para-espacos-publicos-de-lazer\/","title":{"rendered":"Aviso de Licita\u00e7\u00e3o (PL 111\/2025) &#8211; Aquisi\u00e7\u00e3o de playgrounds em madeira de eucalipto para espa\u00e7os p\u00fablicos de lazer"},"content":{"rendered":"<blockquote>\n<p style=\"text-align: center;\">DOWNLOADS<\/p>\n<\/blockquote>\n<ul>\n<li style=\"list-style-type: none;\">\n<ul>\n<li><del><a href=\"https:\/\/coronelxavierchaves.mg.gov.br\/prefeitura\/wp-content\/uploads\/2025\/09\/EDITAL-111-2025.pdf\">EDITAL<\/a>, publicado em 17\/09\/2025 \u00e0s 16:22h.<\/del> Retificado em 19\/09\/2025.<\/li>\n<li><a href=\"https:\/\/coronelxavierchaves.mg.gov.br\/prefeitura\/wp-content\/uploads\/2025\/09\/ERRATA-111-2025.pdf\">ERRATA<\/a>, publicado em 19\/09\/2025 \u00e0s 09:09h.<\/li>\n<li><a href=\"https:\/\/coronelxavierchaves.mg.gov.br\/prefeitura\/wp-content\/uploads\/2025\/09\/EDITAL-RETIFICADO-111-2025.pdf\">EDITAL RETIFICADO<\/a>, publicado em 19\/09\/2025 \u00e0s 09:09h.<\/li>\n<li><a href=\"https:\/\/coronelxavierchaves.mg.gov.br\/prefeitura\/wp-content\/uploads\/2025\/10\/ADJUDICACAO-111-2025.pdf\">ADJUDICA\u00c7\u00c3O<\/a>, publicado em 10\/10\/2025 \u00e0s 15:26h.<\/li>\n<li><a href=\"https:\/\/coronelxavierchaves.mg.gov.br\/prefeitura\/wp-content\/uploads\/2025\/10\/HOMOLOGACAO-111-2025.pdf\">HOMOLOGA\u00c7\u00c3O<\/a>, publicado em 10\/10\/2025 \u00e0s 15:26h.<\/li>\n<li><a href=\"https:\/\/coronelxavierchaves.mg.gov.br\/prefeitura\/wp-content\/uploads\/2025\/10\/CONTRATO-111-2025.pdf\">CONTRATO<\/a>, publicado em 10\/10\/2025 \u00e0s 15:26h.<\/li>\n<li><a href=\"https:\/\/coronelxavierchaves.mg.gov.br\/prefeitura\/wp-content\/uploads\/2026\/03\/1o-TERMO-ADITIVO-111-2025.pdf\">1\u00ba TERMO ADITIVO<\/a>, publicado em 27\/03\/2026 \u00e0s 15:50h.<\/li>\n<\/ul>\n<\/li>\n<\/ul>\n<p style=\"text-align: center;\"><strong><u>AVISO DE LICITA\u00c7\u00c3O<\/u><\/strong><\/p>\n<p style=\"text-align: justify;\"><strong>Prefeitura Municipal de Coronel Xavier Chaves\/MG. Aviso de Licita\u00e7\u00e3o &#8211; Processo Licitat\u00f3rio \u2013 111\/2025, Preg\u00e3o Eletr\u00f4nico \u2013 48\/2025, do tipo <\/strong>MENOR PRE\u00c7O GLOBAL.<strong>\u00a0OBJETO:\u00a0AQUISI\u00c7\u00c3O DE PLAYGROUNDS EM MADEIRA DE EUCALIPTO PARA ESPA\u00c7OS P\u00daBLICOS DE LAZER DO MUNIC\u00cdPIO DE CORONEL XAVIER CHAVES\/MG, CONFORME ESPECIFICA\u00c7\u00d5ES T\u00c9CNICAS DETALHADAS NO TERMO DE REFER\u00caNCIA.\u00a0<\/strong>Limite de acolhimento das propostas:<strong> dia 30\/09\/2025 \u00e0s 07h59min.\u00a0DISPUTA: 30\/09\/2025, \u00e0s 08h30min, na Plataforma LICITAPP,\u00a0<a href=\"https:\/\/coronelxavierchaves.licitapp.com.br\/\">https:\/\/coronelxavierchaves.licitapp.com.br\/\/<\/a>.\u00a0<\/strong>O edital est\u00e1 dispon\u00edvel no site\u00a0\u201c<a href=\"http:\/\/www.coronelxavierchaves.mg.gov.br\/\">www.coronelxavierchaves.mg.gov.br<\/a>&#8220;, mais informa\u00e7\u00f5es\u00a0na prefeitura municipal \u00e0 Rua Padre Reis, 84, Centro, Coronel Xavier Chaves\/MG, no hor\u00e1rio de 08h00min \u00e0s 12h00min e de 13h00min \u00e0s 16h00min. Tel.:\u00a0<a href=\"tel:%2832%29%203357-1235\">(32) 3216-1053<\/a>\/ (32) 9 9199-6496 (<em>Whatsapp<\/em>). Coronel Xavier Chaves, 17 de setembro de 2025. Beatriz Rayze de Resende \u2013 Pregoeira.<\/p>\n<p>&nbsp;<\/p>\n<div class=\"printshowonly\">\n<p>*<b>PUBLICA\u00c7\u00c3O<\/b><\/p>\n<ul>\n<li>Um destaque desta publica\u00e7\u00e3o foi gerado na p\u00e1gina inicial do site, dispon\u00edvel at\u00e9 que demais publica\u00e7\u00f5es sejam realizadas.<\/li>\n<li>Uma publica\u00e7\u00e3o permanente foi feita na p\u00e1gina de Editais e Licita\u00e7\u00f5es.<\/li>\n<\/ul>\n<\/div>\n","protected":false},"excerpt":{"rendered":"<p>DOWNLOADS EDITAL, publicado em 17\/09\/2025 \u00e0s 16:22h. Retificado em 19\/09\/2025. ERRATA, publicado em 19\/09\/2025 \u00e0s 09:09h. EDITAL RETIFICADO, publicado em 19\/09\/2025 \u00e0s 09:09h. ADJUDICA\u00c7\u00c3O, publicado em 10\/10\/2025 \u00e0s 15:26h. HOMOLOGA\u00c7\u00c3O, publicado em 10\/10\/2025 \u00e0s 15:26h. CONTRATO, publicado em 10\/10\/2025 \u00e0s 15:26h. 1\u00ba TERMO ADITIVO, publicado em 27\/03\/2026 \u00e0s 15:50h. AVISO DE LICITA\u00c7\u00c3O Prefeitura Municipal de [&hellip;]<\/p>\n","protected":false},"author":3,"featured_media":4366,"comment_status":"closed","ping_status":"closed","sticky":false,"template":"","format":"standard","meta":{"footnotes":"","_links_to":"","_links_to_target":""},"categories":[135],"tags":[],"class_list":{"0":"post-25091","1":"post","2":"type-post","3":"status-publish","4":"format-standard","5":"has-post-thumbnail","7":"category-editais-de-licitacao-2025"},"_links":{"self":[{"href":"https:\/\/coronelxavierchaves.mg.gov.br\/prefeitura\/wp-json\/wp\/v2\/posts\/25091","targetHints":{"allow":["GET"]}}],"collection":[{"href":"https:\/\/coronelxavierchaves.mg.gov.br\/prefeitura\/wp-json\/wp\/v2\/posts"}],"about":[{"href":"https:\/\/coronelxavierchaves.mg.gov.br\/prefeitura\/wp-json\/wp\/v2\/types\/post"}],"author":[{"embeddable":true,"href":"https:\/\/coronelxavierchaves.mg.gov.br\/prefeitura\/wp-json\/wp\/v2\/users\/3"}],"replies":[{"embeddable":true,"href":"https:\/\/coronelxavierchaves.mg.gov.br\/prefeitura\/wp-json\/wp\/v2\/comments?post=25091"}],"version-history":[{"count":6,"href":"https:\/\/coronelxavierchaves.mg.gov.br\/prefeitura\/wp-json\/wp\/v2\/posts\/25091\/revisions"}],"predecessor-version":[{"id":27240,"href":"https:\/\/coronelxavierchaves.mg.gov.br\/prefeitura\/wp-json\/wp\/v2\/posts\/25091\/revisions\/27240"}],"wp:featuredmedia":[{"embeddable":true,"href":"https:\/\/coronelxavierchaves.mg.gov.br\/prefeitura\/wp-json\/wp\/v2\/media\/4366"}],"wp:attachment":[{"href":"https:\/\/coronelxavierchaves.mg.gov.br\/prefeitura\/wp-json\/wp\/v2\/media?parent=25091"}],"wp:term":[{"taxonomy":"category","embeddable":true,"href":"https:\/\/coronelxavierchaves.mg.gov.br\/prefeitura\/wp-json\/wp\/v2\/categories?post=25091"},{"taxonomy":"post_tag","embeddable":true,"href":"https:\/\/coronelxavierchaves.mg.gov.br\/prefeitura\/wp-json\/wp\/v2\/tags?post=25091"}],"curies":[{"name":"wp","href":"https:\/\/api.w.org\/{rel}","templated":true}]}}