{"id":25116,"date":"2025-09-22T18:14:12","date_gmt":"2025-09-22T21:14:12","guid":{"rendered":"https:\/\/coronelxavierchaves.mg.gov.br\/prefeitura\/?p=25116"},"modified":"2026-02-13T15:00:47","modified_gmt":"2026-02-13T18:00:47","slug":"edital-001-2025-processo-seletivo-simplificado-para-contratacao-temporaria-diversos-cargos","status":"publish","type":"post","link":"https:\/\/coronelxavierchaves.mg.gov.br\/prefeitura\/2025\/09\/22\/edital-001-2025-processo-seletivo-simplificado-para-contratacao-temporaria-diversos-cargos\/","title":{"rendered":"Edital 001\/2025 &#8211; Processo Seletivo Simplificado para Contrata\u00e7\u00e3o Tempor\u00e1ria &#8211; Diversos Cargos"},"content":{"rendered":"<blockquote><p>\u00a0DOWNLOADS<\/p><\/blockquote>\n<p><strong>EDITAL E RETIFICA\u00c7\u00d5ES<\/strong>:<\/p>\n<ul>\n<li><a href=\"https:\/\/coronelxavierchaves.mg.gov.br\/prefeitura\/wp-content\/uploads\/2025\/09\/Edital-Processo-Seletivo-01-2025.pdf\">EDITAL<\/a>, publicado em 22\/09\/2025 \u00e0s 18:11h.<\/li>\n<li><a href=\"https:\/\/coronelxavierchaves.mg.gov.br\/prefeitura\/wp-content\/uploads\/2025\/09\/Formularo-Edital-Processo-Seletivo-0012025.docx\">FORMUL\u00c1RIO EDITAVEL<\/a>, publicado em 22\/09\/2025 \u00e0s 18:11h.<\/li>\n<li><a href=\"https:\/\/coronelxavierchaves.mg.gov.br\/prefeitura\/wp-content\/uploads\/2025\/10\/Resultado-preliminar-do-processo-seletivo-001-2025.pdf\">RESULTADO PRELIMINAR<\/a>, publicado em 14\/10\/2025 \u00e0s 11:59h.<\/li>\n<li><a href=\"https:\/\/coronelxavierchaves.mg.gov.br\/prefeitura\/wp-content\/uploads\/2025\/10\/Resultado-Final.pdf\">RESULTADO FINAL<\/a>, publicado em 21\/10\/2025 \u00e0s 11:38h.<\/li>\n<li><a href=\"https:\/\/coronelxavierchaves.mg.gov.br\/prefeitura\/wp-content\/uploads\/2025\/10\/EDITAL-DE-CONVOCACAO-Faxineiro-Concurso-e-PS.pdf\">EDITAL DE CONVOCA\u00c7\u00c3O: FAXINEIRO<\/a>, publicado em 23\/10\/2025 \u00e0s 15:58h.<\/li>\n<li><a href=\"https:\/\/coronelxavierchaves.mg.gov.br\/prefeitura\/wp-content\/uploads\/2025\/10\/Edital-de-Convocacao-Auxiliar-de-saude-I-Concurso-e-PS.pdf\">EDITAL DE CONVOCA\u00c7\u00c3O: AUXILIAR DE SERVI\u00c7O DE SA\u00daDE I<\/a>, publicado em 23\/10\/2025 \u00e0s 16:10h.<\/li>\n<li><a href=\"https:\/\/coronelxavierchaves.mg.gov.br\/prefeitura\/wp-content\/uploads\/2025\/11\/EDITAL-DE-CONVOCACAO-Faxineiro-001-2025-001-2024.pdf\">EDITAL DE CONVOCA\u00c7\u00c3O: FAXINEIRO<\/a>, publicado em 10\/11\/2025 \u00e0s 12:19h.<\/li>\n<li><a href=\"https:\/\/coronelxavierchaves.mg.gov.br\/prefeitura\/wp-content\/uploads\/2025\/12\/EDITAL-Faxineiro-01-2024-001-2025.pdf\">EDITAL DE CONVOCA\u00c7\u00c3O: FAXINEIRO<\/a>, publicado em 17\/12\/2025 \u00e0s 11:23h.<\/li>\n<li><a href=\"https:\/\/coronelxavierchaves.mg.gov.br\/prefeitura\/wp-content\/uploads\/2026\/02\/EDITAL-Faxineiro-13-02-2026.pdf\">EDITAL DE CONVOCA\u00c7\u00c3O: FAXINEIRO<\/a>, publicado em 13\/02\/2026 \u00e0s 15:00h.<\/li>\n<\/ul>\n","protected":false},"excerpt":{"rendered":"<p>\u00a0DOWNLOADS EDITAL E RETIFICA\u00c7\u00d5ES: EDITAL, publicado em 22\/09\/2025 \u00e0s 18:11h. FORMUL\u00c1RIO EDITAVEL, publicado em 22\/09\/2025 \u00e0s 18:11h. RESULTADO PRELIMINAR, publicado em 14\/10\/2025 \u00e0s 11:59h. RESULTADO FINAL, publicado em 21\/10\/2025 \u00e0s 11:38h. EDITAL DE CONVOCA\u00c7\u00c3O: FAXINEIRO, publicado em 23\/10\/2025 \u00e0s 15:58h. EDITAL DE CONVOCA\u00c7\u00c3O: AUXILIAR DE SERVI\u00c7O DE SA\u00daDE I, publicado em 23\/10\/2025 \u00e0s 16:10h. EDITAL [&hellip;]<\/p>\n","protected":false},"author":8,"featured_media":4366,"comment_status":"closed","ping_status":"closed","sticky":false,"template":"","format":"standard","meta":{"footnotes":"","_links_to":"","_links_to_target":""},"categories":[140],"tags":[],"class_list":{"0":"post-25116","1":"post","2":"type-post","3":"status-publish","4":"format-standard","5":"has-post-thumbnail","7":"category-concursos-e-processos-seletivos-2025"},"_links":{"self":[{"href":"https:\/\/coronelxavierchaves.mg.gov.br\/prefeitura\/wp-json\/wp\/v2\/posts\/25116","targetHints":{"allow":["GET"]}}],"collection":[{"href":"https:\/\/coronelxavierchaves.mg.gov.br\/prefeitura\/wp-json\/wp\/v2\/posts"}],"about":[{"href":"https:\/\/coronelxavierchaves.mg.gov.br\/prefeitura\/wp-json\/wp\/v2\/types\/post"}],"author":[{"embeddable":true,"href":"https:\/\/coronelxavierchaves.mg.gov.br\/prefeitura\/wp-json\/wp\/v2\/users\/8"}],"replies":[{"embeddable":true,"href":"https:\/\/coronelxavierchaves.mg.gov.br\/prefeitura\/wp-json\/wp\/v2\/comments?post=25116"}],"version-history":[{"count":13,"href":"https:\/\/coronelxavierchaves.mg.gov.br\/prefeitura\/wp-json\/wp\/v2\/posts\/25116\/revisions"}],"predecessor-version":[{"id":26803,"href":"https:\/\/coronelxavierchaves.mg.gov.br\/prefeitura\/wp-json\/wp\/v2\/posts\/25116\/revisions\/26803"}],"wp:featuredmedia":[{"embeddable":true,"href":"https:\/\/coronelxavierchaves.mg.gov.br\/prefeitura\/wp-json\/wp\/v2\/media\/4366"}],"wp:attachment":[{"href":"https:\/\/coronelxavierchaves.mg.gov.br\/prefeitura\/wp-json\/wp\/v2\/media?parent=25116"}],"wp:term":[{"taxonomy":"category","embeddable":true,"href":"https:\/\/coronelxavierchaves.mg.gov.br\/prefeitura\/wp-json\/wp\/v2\/categories?post=25116"},{"taxonomy":"post_tag","embeddable":true,"href":"https:\/\/coronelxavierchaves.mg.gov.br\/prefeitura\/wp-json\/wp\/v2\/tags?post=25116"}],"curies":[{"name":"wp","href":"https:\/\/api.w.org\/{rel}","templated":true}]}}