{"id":25136,"date":"2025-09-26T15:08:33","date_gmt":"2025-09-26T18:08:33","guid":{"rendered":"https:\/\/coronelxavierchaves.mg.gov.br\/prefeitura\/?p=25136"},"modified":"2025-09-26T15:08:33","modified_gmt":"2025-09-26T18:08:33","slug":"edital-de-convocacao-temporaria-concurso-001-2024-e-processo-seletivo-003-2024-motorista-2","status":"publish","type":"post","link":"https:\/\/coronelxavierchaves.mg.gov.br\/prefeitura\/2025\/09\/26\/edital-de-convocacao-temporaria-concurso-001-2024-e-processo-seletivo-003-2024-motorista-2\/","title":{"rendered":"Edital de Convoca\u00e7\u00e3o Tempor\u00e1ria Concurso 001\/2024 e Processo Seletivo 003\/2024 &#8211; Motorista"},"content":{"rendered":"<p style=\"text-align: justify;\">\u00a0Edital de Convoca\u00e7\u00e3o do Concurso 001\/2024 e Processo Seletivo 003\/2024.<\/p>\n<ul>\n<li><a href=\"https:\/\/coronelxavierchaves.mg.gov.br\/prefeitura\/wp-content\/uploads\/2025\/09\/EDITAL-DE-CONVOCACAO-MOTORISTA-Concurso-e-processo-1.pdf\">EDITAL DE CONVOCA\u00c7\u00c3O: MOTORISTA<\/a>, publicado em 26\/09\/2025 \u00e0s 15:08h.<\/li>\n<\/ul>\n","protected":false},"excerpt":{"rendered":"<p>\u00a0Edital de Convoca\u00e7\u00e3o do Concurso 001\/2024 e Processo Seletivo 003\/2024. EDITAL DE CONVOCA\u00c7\u00c3O: MOTORISTA, publicado em 26\/09\/2025 \u00e0s 15:08h.<\/p>\n","protected":false},"author":3,"featured_media":4366,"comment_status":"closed","ping_status":"closed","sticky":false,"template":"","format":"standard","meta":{"footnotes":"","_links_to":"","_links_to_target":""},"categories":[149,137],"tags":[],"class_list":{"0":"post-25136","1":"post","2":"type-post","3":"status-publish","4":"format-standard","5":"has-post-thumbnail","7":"category-convocacao-temporaria-2025","8":"category-editais-de-convocacao-e-contratacao-2025"},"_links":{"self":[{"href":"https:\/\/coronelxavierchaves.mg.gov.br\/prefeitura\/wp-json\/wp\/v2\/posts\/25136","targetHints":{"allow":["GET"]}}],"collection":[{"href":"https:\/\/coronelxavierchaves.mg.gov.br\/prefeitura\/wp-json\/wp\/v2\/posts"}],"about":[{"href":"https:\/\/coronelxavierchaves.mg.gov.br\/prefeitura\/wp-json\/wp\/v2\/types\/post"}],"author":[{"embeddable":true,"href":"https:\/\/coronelxavierchaves.mg.gov.br\/prefeitura\/wp-json\/wp\/v2\/users\/3"}],"replies":[{"embeddable":true,"href":"https:\/\/coronelxavierchaves.mg.gov.br\/prefeitura\/wp-json\/wp\/v2\/comments?post=25136"}],"version-history":[{"count":1,"href":"https:\/\/coronelxavierchaves.mg.gov.br\/prefeitura\/wp-json\/wp\/v2\/posts\/25136\/revisions"}],"predecessor-version":[{"id":25138,"href":"https:\/\/coronelxavierchaves.mg.gov.br\/prefeitura\/wp-json\/wp\/v2\/posts\/25136\/revisions\/25138"}],"wp:featuredmedia":[{"embeddable":true,"href":"https:\/\/coronelxavierchaves.mg.gov.br\/prefeitura\/wp-json\/wp\/v2\/media\/4366"}],"wp:attachment":[{"href":"https:\/\/coronelxavierchaves.mg.gov.br\/prefeitura\/wp-json\/wp\/v2\/media?parent=25136"}],"wp:term":[{"taxonomy":"category","embeddable":true,"href":"https:\/\/coronelxavierchaves.mg.gov.br\/prefeitura\/wp-json\/wp\/v2\/categories?post=25136"},{"taxonomy":"post_tag","embeddable":true,"href":"https:\/\/coronelxavierchaves.mg.gov.br\/prefeitura\/wp-json\/wp\/v2\/tags?post=25136"}],"curies":[{"name":"wp","href":"https:\/\/api.w.org\/{rel}","templated":true}]}}