{"id":25183,"date":"2025-10-01T09:09:21","date_gmt":"2025-10-01T12:09:21","guid":{"rendered":"https:\/\/coronelxavierchaves.mg.gov.br\/prefeitura\/?p=25183"},"modified":"2025-10-01T09:09:21","modified_gmt":"2025-10-01T12:09:21","slug":"adjudicacao-homologacao-e-ata-de-registro-de-preco-pl-99-2025-registro-de-precos-para-futura-e-eventual-aquisicao-de-veiculos-automotores-novos","status":"publish","type":"post","link":"https:\/\/coronelxavierchaves.mg.gov.br\/prefeitura\/2025\/10\/01\/adjudicacao-homologacao-e-ata-de-registro-de-preco-pl-99-2025-registro-de-precos-para-futura-e-eventual-aquisicao-de-veiculos-automotores-novos\/","title":{"rendered":"Adjudica\u00e7\u00e3o, Homologa\u00e7\u00e3o e Ata de Registro de Pre\u00e7o (PL 99\/2025) &#8211; Registro de pre\u00e7os para futura e eventual aquisi\u00e7\u00e3o de ve\u00edculos automotores novos"},"content":{"rendered":"<blockquote><p>DOWNLOADS<\/p><\/blockquote>\n<ul>\n<li><a href=\"https:\/\/coronelxavierchaves.mg.gov.br\/prefeitura\/wp-content\/uploads\/2025\/10\/ADJUDICACAO-99-2025.pdf\">ADJUDICA\u00c7\u00c3O<\/a>, publicado em 01\/10\/2025 \u00e0s 09:09h.<\/li>\n<li><a href=\"https:\/\/coronelxavierchaves.mg.gov.br\/prefeitura\/wp-content\/uploads\/2025\/10\/HOMOLOGACAO-99-2025.pdf\">HOMOLOGA\u00c7\u00c3O<\/a>, publicado em 01\/10\/2025 \u00e0s 09:09h.<\/li>\n<li><a href=\"https:\/\/coronelxavierchaves.mg.gov.br\/prefeitura\/wp-content\/uploads\/2025\/10\/ARP-MAPI-99-2025.pdf\">ATA DE REGISTRO DE PRE\u00c7O<\/a>, publicado em 01\/10\/2025 \u00e0s 09:09h.<\/li>\n<\/ul>\n<blockquote><p>OBJETO<\/p><\/blockquote>\n<div style=\"text-align: justify;\">\n<div style=\"text-align: justify;\">\n<p>REGISTRO DE PRE\u00c7OS PARA FUTURA E EVENTUAL AQUISI\u00c7\u00c3O DE VE\u00cdCULOS AUTOMOTORES NOVOS, DE PRIMEIRA UTILIZA\u00c7\u00c3O, DESTINADOS A SUPRIR AS NECESSIDADES DAS DIVERSAS SECRETARIAS DA ADMINISTRA\u00c7\u00c3O MUNICIPAL DE CORONEL XAVIER CHAVES\/MG, VISANDO GARANTIR EFICI\u00caNCIA, SEGURAN\u00c7A E QUALIDADE NA PRESTA\u00c7\u00c3O DOS SERVI\u00c7OS P\u00daBLICOS.<\/p>\n<p>&nbsp;<\/p>\n<\/div>\n<\/div>\n<div class=\"printshowonly\">\n<p>*<b>PUBLICA\u00c7\u00c3O<\/b><\/p>\n<ul>\n<li>Um destaque desta publica\u00e7\u00e3o foi gerado na p\u00e1gina inicial do site, dispon\u00edvel at\u00e9 que demais publica\u00e7\u00f5es sejam realizadas.<\/li>\n<li>Uma publica\u00e7\u00e3o permanente foi feita na p\u00e1gina de Editais e Licita\u00e7\u00f5es.<\/li>\n<li>Link para acesso:http:\/\/coronelxavierchaves.mg.gov.br\/prefeitura\/wp-json\/wp\/v2\/posts\/25183<\/li>\n<\/ul>\n<\/div>\n","protected":false},"excerpt":{"rendered":"<p>DOWNLOADS ADJUDICA\u00c7\u00c3O, publicado em 01\/10\/2025 \u00e0s 09:09h. HOMOLOGA\u00c7\u00c3O, publicado em 01\/10\/2025 \u00e0s 09:09h. ATA DE REGISTRO DE PRE\u00c7O, publicado em 01\/10\/2025 \u00e0s 09:09h. OBJETO REGISTRO DE PRE\u00c7OS PARA FUTURA E EVENTUAL AQUISI\u00c7\u00c3O DE VE\u00cdCULOS AUTOMOTORES NOVOS, DE PRIMEIRA UTILIZA\u00c7\u00c3O, DESTINADOS A SUPRIR AS NECESSIDADES DAS DIVERSAS SECRETARIAS DA ADMINISTRA\u00c7\u00c3O MUNICIPAL DE CORONEL XAVIER CHAVES\/MG, VISANDO [&hellip;]<\/p>\n","protected":false},"author":3,"featured_media":4367,"comment_status":"closed","ping_status":"closed","sticky":false,"template":"","format":"standard","meta":{"footnotes":"","_links_to":"","_links_to_target":""},"categories":[139],"tags":[],"class_list":{"0":"post-25183","1":"post","2":"type-post","3":"status-publish","4":"format-standard","5":"has-post-thumbnail","7":"category-contratos-aditivos-atas-e-outros-2025"},"_links":{"self":[{"href":"https:\/\/coronelxavierchaves.mg.gov.br\/prefeitura\/wp-json\/wp\/v2\/posts\/25183","targetHints":{"allow":["GET"]}}],"collection":[{"href":"https:\/\/coronelxavierchaves.mg.gov.br\/prefeitura\/wp-json\/wp\/v2\/posts"}],"about":[{"href":"https:\/\/coronelxavierchaves.mg.gov.br\/prefeitura\/wp-json\/wp\/v2\/types\/post"}],"author":[{"embeddable":true,"href":"https:\/\/coronelxavierchaves.mg.gov.br\/prefeitura\/wp-json\/wp\/v2\/users\/3"}],"replies":[{"embeddable":true,"href":"https:\/\/coronelxavierchaves.mg.gov.br\/prefeitura\/wp-json\/wp\/v2\/comments?post=25183"}],"version-history":[{"count":1,"href":"https:\/\/coronelxavierchaves.mg.gov.br\/prefeitura\/wp-json\/wp\/v2\/posts\/25183\/revisions"}],"predecessor-version":[{"id":25188,"href":"https:\/\/coronelxavierchaves.mg.gov.br\/prefeitura\/wp-json\/wp\/v2\/posts\/25183\/revisions\/25188"}],"wp:featuredmedia":[{"embeddable":true,"href":"https:\/\/coronelxavierchaves.mg.gov.br\/prefeitura\/wp-json\/wp\/v2\/media\/4367"}],"wp:attachment":[{"href":"https:\/\/coronelxavierchaves.mg.gov.br\/prefeitura\/wp-json\/wp\/v2\/media?parent=25183"}],"wp:term":[{"taxonomy":"category","embeddable":true,"href":"https:\/\/coronelxavierchaves.mg.gov.br\/prefeitura\/wp-json\/wp\/v2\/categories?post=25183"},{"taxonomy":"post_tag","embeddable":true,"href":"https:\/\/coronelxavierchaves.mg.gov.br\/prefeitura\/wp-json\/wp\/v2\/tags?post=25183"}],"curies":[{"name":"wp","href":"https:\/\/api.w.org\/{rel}","templated":true}]}}