{"id":25194,"date":"2025-10-01T09:26:44","date_gmt":"2025-10-01T12:26:44","guid":{"rendered":"https:\/\/coronelxavierchaves.mg.gov.br\/prefeitura\/?p=25194"},"modified":"2025-10-01T09:26:44","modified_gmt":"2025-10-01T12:26:44","slug":"3o-termo-aditivo-pl-120-2024-contratacao-de-empresa-especializada-para-reforma-da-quadra-poliesportiva-e-vestiarios-localizados-na-praca-de-esportes-capitao-jose-anselmo","status":"publish","type":"post","link":"https:\/\/coronelxavierchaves.mg.gov.br\/prefeitura\/2025\/10\/01\/3o-termo-aditivo-pl-120-2024-contratacao-de-empresa-especializada-para-reforma-da-quadra-poliesportiva-e-vestiarios-localizados-na-praca-de-esportes-capitao-jose-anselmo\/","title":{"rendered":"3\u00ba Termo Aditivo (PL 120\/2024) &#8211; Contrata\u00e7\u00e3o de empresa especializada para reforma da quadra poliesportiva e vesti\u00e1rios, localizados na pra\u00e7a de esportes Capit\u00e3o Jos\u00e9 Anselmo"},"content":{"rendered":"<blockquote><p>DOWNLOADS<\/p><\/blockquote>\n<ul>\n<li><a href=\"https:\/\/coronelxavierchaves.mg.gov.br\/prefeitura\/wp-content\/uploads\/2025\/10\/3o-TERMO-ADITIVO-AGORA-120-2024.pdf\">3\u00ba TERMO ADITIVO<\/a>, publicado em 01\/10\/2025 \u00e0s 09:26h.<\/li>\n<\/ul>\n<blockquote><p>OBJETO<\/p><\/blockquote>\n<div style=\"text-align: justify;\">\n<div style=\"text-align: justify;\">\n<div style=\"text-align: justify;\">\n<div><b>CONTRATA\u00c7\u00c3O DE EMPRESA ESPECIALIZADA PARA REFORMA DA QUADRA POLIESPORTIVA E VESTI\u00c1RIOS, LOCALIZADOS NA PRA\u00c7A DE ESPORTES CAPIT\u00c3O JOS\u00c9 ANSELMO, NO MUNIC\u00cdPIO DE CORONEL XAVIER CHAVES\/MG.<\/b><\/div>\n<div>\n<p>&nbsp;<\/p>\n<div class=\"printshowonly\">\n<p>*<b>PUBLICA\u00c7\u00c3O<\/b><\/p>\n<ul>\n<li>Um destaque desta publica\u00e7\u00e3o foi gerado na p\u00e1gina inicial do site, dispon\u00edvel at\u00e9 que demais publica\u00e7\u00f5es sejam realizadas.<\/li>\n<li>Uma publica\u00e7\u00e3o permanente foi feita na p\u00e1gina de Editais e Licita\u00e7\u00f5es.<\/li>\n<li>Link para acesso:\u00a0http:\/\/coronelxavierchaves.mg.gov.br\/prefeitura\/wp-json\/wp\/v2\/posts\/25194<\/li>\n<\/ul>\n<\/div>\n<\/div>\n<\/div>\n<div><\/div>\n<\/div>\n<\/div>\n","protected":false},"excerpt":{"rendered":"<p>DOWNLOADS 3\u00ba TERMO ADITIVO, publicado em 01\/10\/2025 \u00e0s 09:26h. OBJETO CONTRATA\u00c7\u00c3O DE EMPRESA ESPECIALIZADA PARA REFORMA DA QUADRA POLIESPORTIVA E VESTI\u00c1RIOS, LOCALIZADOS NA PRA\u00c7A DE ESPORTES CAPIT\u00c3O JOS\u00c9 ANSELMO, NO MUNIC\u00cdPIO DE CORONEL XAVIER CHAVES\/MG. &nbsp; *PUBLICA\u00c7\u00c3O Um destaque desta publica\u00e7\u00e3o foi gerado na p\u00e1gina inicial do site, dispon\u00edvel at\u00e9 que demais publica\u00e7\u00f5es sejam realizadas. [&hellip;]<\/p>\n","protected":false},"author":3,"featured_media":4367,"comment_status":"closed","ping_status":"closed","sticky":false,"template":"","format":"standard","meta":{"footnotes":"","_links_to":"","_links_to_target":""},"categories":[139],"tags":[],"class_list":{"0":"post-25194","1":"post","2":"type-post","3":"status-publish","4":"format-standard","5":"has-post-thumbnail","7":"category-contratos-aditivos-atas-e-outros-2025"},"_links":{"self":[{"href":"https:\/\/coronelxavierchaves.mg.gov.br\/prefeitura\/wp-json\/wp\/v2\/posts\/25194","targetHints":{"allow":["GET"]}}],"collection":[{"href":"https:\/\/coronelxavierchaves.mg.gov.br\/prefeitura\/wp-json\/wp\/v2\/posts"}],"about":[{"href":"https:\/\/coronelxavierchaves.mg.gov.br\/prefeitura\/wp-json\/wp\/v2\/types\/post"}],"author":[{"embeddable":true,"href":"https:\/\/coronelxavierchaves.mg.gov.br\/prefeitura\/wp-json\/wp\/v2\/users\/3"}],"replies":[{"embeddable":true,"href":"https:\/\/coronelxavierchaves.mg.gov.br\/prefeitura\/wp-json\/wp\/v2\/comments?post=25194"}],"version-history":[{"count":1,"href":"https:\/\/coronelxavierchaves.mg.gov.br\/prefeitura\/wp-json\/wp\/v2\/posts\/25194\/revisions"}],"predecessor-version":[{"id":25196,"href":"https:\/\/coronelxavierchaves.mg.gov.br\/prefeitura\/wp-json\/wp\/v2\/posts\/25194\/revisions\/25196"}],"wp:featuredmedia":[{"embeddable":true,"href":"https:\/\/coronelxavierchaves.mg.gov.br\/prefeitura\/wp-json\/wp\/v2\/media\/4367"}],"wp:attachment":[{"href":"https:\/\/coronelxavierchaves.mg.gov.br\/prefeitura\/wp-json\/wp\/v2\/media?parent=25194"}],"wp:term":[{"taxonomy":"category","embeddable":true,"href":"https:\/\/coronelxavierchaves.mg.gov.br\/prefeitura\/wp-json\/wp\/v2\/categories?post=25194"},{"taxonomy":"post_tag","embeddable":true,"href":"https:\/\/coronelxavierchaves.mg.gov.br\/prefeitura\/wp-json\/wp\/v2\/tags?post=25194"}],"curies":[{"name":"wp","href":"https:\/\/api.w.org\/{rel}","templated":true}]}}