{"id":25198,"date":"2025-10-01T09:32:16","date_gmt":"2025-10-01T12:32:16","guid":{"rendered":"https:\/\/coronelxavierchaves.mg.gov.br\/prefeitura\/?p=25198"},"modified":"2025-10-01T09:32:16","modified_gmt":"2025-10-01T12:32:16","slug":"4o-termo-aditivo-pl-56-2021-locacao-de-imovel-comercial-para-atender-instalacoes-e-funcionamento-da-sala-mineira-do-empreendedor","status":"publish","type":"post","link":"https:\/\/coronelxavierchaves.mg.gov.br\/prefeitura\/2025\/10\/01\/4o-termo-aditivo-pl-56-2021-locacao-de-imovel-comercial-para-atender-instalacoes-e-funcionamento-da-sala-mineira-do-empreendedor\/","title":{"rendered":"4\u00ba Termo aditivo (PL 56\/2021): Loca\u00e7\u00e3o de im\u00f3vel comercial para atender instala\u00e7\u00f5es e funcionamento da Sala Mineira do Empreendedor&#8230;"},"content":{"rendered":"<blockquote><p>DOWNLOADS<\/p><\/blockquote>\n<ul>\n<li><a href=\"https:\/\/coronelxavierchaves.mg.gov.br\/prefeitura\/wp-content\/uploads\/2025\/10\/4o-ADITAMENTO-SALA-MINEIRA-56-2021.pdf\">4\u00ba TERMO ADITIVO<\/a>, publicado em 01\/10\/2025 \u00e0s 09:32h.<\/li>\n<\/ul>\n<p>&nbsp;<\/p>\n<blockquote><p>OBJETO<\/p><\/blockquote>\n<div style=\"text-align: justify;\">\n<div style=\"text-align: justify;\">\n<div style=\"text-align: justify;\">\n<div>\n<div>\n<div style=\"text-align: justify;\">Loca\u00e7\u00e3o de im\u00f3vel comercial para atender instala\u00e7\u00f5es e funcionamento da Sala Mineira do Empreendedor e da Secretaria Municipal de Agricultura, Meio Ambiente e Desenvolvimento Econ\u00f4mico. O im\u00f3vel localiza-se no Condom\u00ednio do Edif\u00edcio Vina, situado \u00e0 Avenida C\u00f4nego Ant\u00f4nio Carlos, 105, Centro, Coronel Xavier Chaves\/MG.<\/div>\n<div><\/div>\n<\/div>\n<div><\/div>\n<\/div>\n<div><\/div>\n<\/div>\n<\/div>\n<\/div>\n<div class=\"printshowonly\">\n<p>*<b>PUBLICA\u00c7\u00c3O<\/b><\/p>\n<ul>\n<li>Um destaque desta publica\u00e7\u00e3o foi gerado na p\u00e1gina inicial do site, dispon\u00edvel at\u00e9 que demais publica\u00e7\u00f5es sejam realizadas.<\/li>\n<li>Uma publica\u00e7\u00e3o permanente foi feita na p\u00e1gina de Editais e Licita\u00e7\u00f5es.<\/li>\n<li>Link para acesso:\u00a0http:\/\/coronelxavierchaves.mg.gov.br\/prefeitura\/wp-json\/wp\/v2\/posts\/25198<\/li>\n<\/ul>\n<\/div>\n","protected":false},"excerpt":{"rendered":"<p>DOWNLOADS 4\u00ba TERMO ADITIVO, publicado em 01\/10\/2025 \u00e0s 09:32h. &nbsp; OBJETO Loca\u00e7\u00e3o de im\u00f3vel comercial para atender instala\u00e7\u00f5es e funcionamento da Sala Mineira do Empreendedor e da Secretaria Municipal de Agricultura, Meio Ambiente e Desenvolvimento Econ\u00f4mico. O im\u00f3vel localiza-se no Condom\u00ednio do Edif\u00edcio Vina, situado \u00e0 Avenida C\u00f4nego Ant\u00f4nio Carlos, 105, Centro, Coronel Xavier Chaves\/MG. [&hellip;]<\/p>\n","protected":false},"author":3,"featured_media":4367,"comment_status":"closed","ping_status":"closed","sticky":false,"template":"","format":"standard","meta":{"footnotes":"","_links_to":"","_links_to_target":""},"categories":[139],"tags":[],"class_list":{"0":"post-25198","1":"post","2":"type-post","3":"status-publish","4":"format-standard","5":"has-post-thumbnail","7":"category-contratos-aditivos-atas-e-outros-2025"},"_links":{"self":[{"href":"https:\/\/coronelxavierchaves.mg.gov.br\/prefeitura\/wp-json\/wp\/v2\/posts\/25198","targetHints":{"allow":["GET"]}}],"collection":[{"href":"https:\/\/coronelxavierchaves.mg.gov.br\/prefeitura\/wp-json\/wp\/v2\/posts"}],"about":[{"href":"https:\/\/coronelxavierchaves.mg.gov.br\/prefeitura\/wp-json\/wp\/v2\/types\/post"}],"author":[{"embeddable":true,"href":"https:\/\/coronelxavierchaves.mg.gov.br\/prefeitura\/wp-json\/wp\/v2\/users\/3"}],"replies":[{"embeddable":true,"href":"https:\/\/coronelxavierchaves.mg.gov.br\/prefeitura\/wp-json\/wp\/v2\/comments?post=25198"}],"version-history":[{"count":1,"href":"https:\/\/coronelxavierchaves.mg.gov.br\/prefeitura\/wp-json\/wp\/v2\/posts\/25198\/revisions"}],"predecessor-version":[{"id":25200,"href":"https:\/\/coronelxavierchaves.mg.gov.br\/prefeitura\/wp-json\/wp\/v2\/posts\/25198\/revisions\/25200"}],"wp:featuredmedia":[{"embeddable":true,"href":"https:\/\/coronelxavierchaves.mg.gov.br\/prefeitura\/wp-json\/wp\/v2\/media\/4367"}],"wp:attachment":[{"href":"https:\/\/coronelxavierchaves.mg.gov.br\/prefeitura\/wp-json\/wp\/v2\/media?parent=25198"}],"wp:term":[{"taxonomy":"category","embeddable":true,"href":"https:\/\/coronelxavierchaves.mg.gov.br\/prefeitura\/wp-json\/wp\/v2\/categories?post=25198"},{"taxonomy":"post_tag","embeddable":true,"href":"https:\/\/coronelxavierchaves.mg.gov.br\/prefeitura\/wp-json\/wp\/v2\/tags?post=25198"}],"curies":[{"name":"wp","href":"https:\/\/api.w.org\/{rel}","templated":true}]}}