{"id":25221,"date":"2025-10-01T15:48:17","date_gmt":"2025-10-01T18:48:17","guid":{"rendered":"https:\/\/coronelxavierchaves.mg.gov.br\/prefeitura\/?p=25221"},"modified":"2025-11-14T15:13:17","modified_gmt":"2025-11-14T18:13:17","slug":"aviso-de-licitacao-pl-115-2025-contratacao-de-empresa-especializada-para-locacao-de-materiais-a-serem-utilizados-na-decoracao-iluminacao-do-natal-encantado-2025","status":"publish","type":"post","link":"https:\/\/coronelxavierchaves.mg.gov.br\/prefeitura\/2025\/10\/01\/aviso-de-licitacao-pl-115-2025-contratacao-de-empresa-especializada-para-locacao-de-materiais-a-serem-utilizados-na-decoracao-iluminacao-do-natal-encantado-2025\/","title":{"rendered":"Aviso de Licita\u00e7\u00e3o (PL 115\/2025) &#8211; Contrata\u00e7\u00e3o de empresa especializada para loca\u00e7\u00e3o de materiais a serem utilizados na decora\u00e7\u00e3o\/ilumina\u00e7\u00e3o do Natal Encantado 2025"},"content":{"rendered":"<blockquote>\n<p style=\"text-align: center;\">DOWNLOADS<\/p>\n<\/blockquote>\n<ul>\n<li style=\"list-style-type: none;\">\n<ul>\n<li><a href=\"https:\/\/coronelxavierchaves.mg.gov.br\/prefeitura\/wp-content\/uploads\/2025\/10\/EDITAL-115-2025.pdf\">EDITAL<\/a>, publicado em 01\/10\/2025 \u00e0s 15:48h.<\/li>\n<li><a href=\"https:\/\/coronelxavierchaves.mg.gov.br\/prefeitura\/wp-content\/uploads\/2025\/10\/CONTRATO-FUTURO-publicar.pdf\">CONTRATO<\/a>, publicado em 28\/10\/2025 \u00e0s 11:13h.<\/li>\n<li><a href=\"https:\/\/coronelxavierchaves.mg.gov.br\/prefeitura\/wp-content\/uploads\/2025\/10\/1o-TERMO-ADITIVO.pdf\">1\u00ba TERMO ADITIVO<\/a>, publicado em 14\/11\/2025 \u00e0s 15:13h<\/li>\n<\/ul>\n<\/li>\n<\/ul>\n<p>&nbsp;<\/p>\n<p style=\"text-align: center;\"><strong><u>AVISO DE LICITA\u00c7\u00c3O<\/u><\/strong><\/p>\n<p style=\"font-weight: 400; text-align: justify;\">O munic\u00edpio de Coronel Xavier Chaves\/MG torna p\u00fablico o Processo Licitat\u00f3rio 115\/2025, Preg\u00e3o Presencial 49\/2025, para sele\u00e7\u00e3o da proposta mais vantajosa para a\u00a0<strong>Contrata\u00e7\u00e3o de empresa especializada para loca\u00e7\u00e3o de materiais a serem utilizados na decora\u00e7\u00e3o\/ilumina\u00e7\u00e3o do Natal Encantado do munic\u00edpio de Coronel Xavier Chaves\/MG no ano de 2025<\/strong><strong>,<\/strong>\u00a0mediante o crit\u00e9rio de julgamento de<strong>\u00a0MENOR PRE\u00c7O GLOBAL<\/strong>.\u00a0<u>Credenciamento e abertura<\/u>:<strong>\u00a016\/10\/2025 \u00e0s 08h30min.<\/strong>\u00a0O edital est\u00e1 dispon\u00edvel no Site\u00a0\u201c<a href=\"http:\/\/www.coronelxavierchaves.mg.gov.br\/\" data-saferedirecturl=\"https:\/\/www.google.com\/url?q=http:\/\/www.coronelxavierchaves.mg.gov.br&amp;source=gmail&amp;ust=1759430529810000&amp;usg=AOvVaw0WoneWx4T38C2Y9VhEhMpX\">www.coronelxavierchaves.mg.gov.br<\/a>&#8220;, informa\u00e7\u00f5es\u00a0na prefeitura municipal \u00e0 Rua Padre Reis, 84, Centro Coronel Xavier Chaves, MG, no hor\u00e1rio das 08h00min \u00e0s 12h00min e das 13h00min \u00e0s 16h00min. Tel.\/WhatsApp (32) 3216-1053 (<em>Ramais 109 e 110<\/em>) \/ (32) 99199-6496.\u00a0 Coronel Xavier Chaves, 01 de outubro de 2025. Juliana Jaques Camargos &#8211; Pregoeira.<\/p>\n<p>&nbsp;<\/p>\n<div class=\"printshowonly\">\n<p>*<b>PUBLICA\u00c7\u00c3O<\/b><\/p>\n<ul>\n<li>Um destaque desta publica\u00e7\u00e3o foi gerado na p\u00e1gina inicial do site, dispon\u00edvel at\u00e9 que demais publica\u00e7\u00f5es sejam realizadas.<\/li>\n<li>Uma publica\u00e7\u00e3o permanente foi feita na p\u00e1gina de Editais e Licita\u00e7\u00f5es.<\/li>\n<\/ul>\n<\/div>\n","protected":false},"excerpt":{"rendered":"<p>DOWNLOADS EDITAL, publicado em 01\/10\/2025 \u00e0s 15:48h. CONTRATO, publicado em 28\/10\/2025 \u00e0s 11:13h. 1\u00ba TERMO ADITIVO, publicado em 14\/11\/2025 \u00e0s 15:13h &nbsp; AVISO DE LICITA\u00c7\u00c3O O munic\u00edpio de Coronel Xavier Chaves\/MG torna p\u00fablico o Processo Licitat\u00f3rio 115\/2025, Preg\u00e3o Presencial 49\/2025, para sele\u00e7\u00e3o da proposta mais vantajosa para a\u00a0Contrata\u00e7\u00e3o de empresa especializada para loca\u00e7\u00e3o de materiais [&hellip;]<\/p>\n","protected":false},"author":3,"featured_media":4366,"comment_status":"closed","ping_status":"closed","sticky":false,"template":"","format":"standard","meta":{"footnotes":"","_links_to":"","_links_to_target":""},"categories":[135],"tags":[],"class_list":{"0":"post-25221","1":"post","2":"type-post","3":"status-publish","4":"format-standard","5":"has-post-thumbnail","7":"category-editais-de-licitacao-2025"},"_links":{"self":[{"href":"https:\/\/coronelxavierchaves.mg.gov.br\/prefeitura\/wp-json\/wp\/v2\/posts\/25221","targetHints":{"allow":["GET"]}}],"collection":[{"href":"https:\/\/coronelxavierchaves.mg.gov.br\/prefeitura\/wp-json\/wp\/v2\/posts"}],"about":[{"href":"https:\/\/coronelxavierchaves.mg.gov.br\/prefeitura\/wp-json\/wp\/v2\/types\/post"}],"author":[{"embeddable":true,"href":"https:\/\/coronelxavierchaves.mg.gov.br\/prefeitura\/wp-json\/wp\/v2\/users\/3"}],"replies":[{"embeddable":true,"href":"https:\/\/coronelxavierchaves.mg.gov.br\/prefeitura\/wp-json\/wp\/v2\/comments?post=25221"}],"version-history":[{"count":4,"href":"https:\/\/coronelxavierchaves.mg.gov.br\/prefeitura\/wp-json\/wp\/v2\/posts\/25221\/revisions"}],"predecessor-version":[{"id":25573,"href":"https:\/\/coronelxavierchaves.mg.gov.br\/prefeitura\/wp-json\/wp\/v2\/posts\/25221\/revisions\/25573"}],"wp:featuredmedia":[{"embeddable":true,"href":"https:\/\/coronelxavierchaves.mg.gov.br\/prefeitura\/wp-json\/wp\/v2\/media\/4366"}],"wp:attachment":[{"href":"https:\/\/coronelxavierchaves.mg.gov.br\/prefeitura\/wp-json\/wp\/v2\/media?parent=25221"}],"wp:term":[{"taxonomy":"category","embeddable":true,"href":"https:\/\/coronelxavierchaves.mg.gov.br\/prefeitura\/wp-json\/wp\/v2\/categories?post=25221"},{"taxonomy":"post_tag","embeddable":true,"href":"https:\/\/coronelxavierchaves.mg.gov.br\/prefeitura\/wp-json\/wp\/v2\/tags?post=25221"}],"curies":[{"name":"wp","href":"https:\/\/api.w.org\/{rel}","templated":true}]}}