{"id":25278,"date":"2025-10-14T11:59:34","date_gmt":"2025-10-14T14:59:34","guid":{"rendered":"https:\/\/coronelxavierchaves.mg.gov.br\/prefeitura\/?p=25278"},"modified":"2025-10-14T11:59:34","modified_gmt":"2025-10-14T14:59:34","slug":"resultado-preliminar-edital-001-2025-processo-seletivo-simplificado-para-contratacao-temporaria-diversos-cargos","status":"publish","type":"post","link":"https:\/\/coronelxavierchaves.mg.gov.br\/prefeitura\/2025\/10\/14\/resultado-preliminar-edital-001-2025-processo-seletivo-simplificado-para-contratacao-temporaria-diversos-cargos\/","title":{"rendered":"Resultado Preliminar &#8211; Edital 001\/2025 &#8211; Processo Seletivo Simplificado para Contrata\u00e7\u00e3o Tempor\u00e1ria &#8211; Diversos Cargos"},"content":{"rendered":"<ul>\n<li><a href=\"https:\/\/coronelxavierchaves.mg.gov.br\/prefeitura\/wp-content\/uploads\/2025\/10\/Resultado-preliminar-do-processo-seletivo-001-2025.pdf\">RESULTADO PRELIMINAR<\/a>, publicado em 14\/10\/2025 \u00e0s 11:59h.<\/li>\n<\/ul>\n","protected":false},"excerpt":{"rendered":"<p>RESULTADO PRELIMINAR, publicado em 14\/10\/2025 \u00e0s 11:59h.<\/p>\n","protected":false},"author":3,"featured_media":4367,"comment_status":"closed","ping_status":"closed","sticky":false,"template":"","format":"standard","meta":{"footnotes":"","_links_to":"","_links_to_target":""},"categories":[140],"tags":[],"class_list":{"0":"post-25278","1":"post","2":"type-post","3":"status-publish","4":"format-standard","5":"has-post-thumbnail","7":"category-concursos-e-processos-seletivos-2025"},"_links":{"self":[{"href":"https:\/\/coronelxavierchaves.mg.gov.br\/prefeitura\/wp-json\/wp\/v2\/posts\/25278","targetHints":{"allow":["GET"]}}],"collection":[{"href":"https:\/\/coronelxavierchaves.mg.gov.br\/prefeitura\/wp-json\/wp\/v2\/posts"}],"about":[{"href":"https:\/\/coronelxavierchaves.mg.gov.br\/prefeitura\/wp-json\/wp\/v2\/types\/post"}],"author":[{"embeddable":true,"href":"https:\/\/coronelxavierchaves.mg.gov.br\/prefeitura\/wp-json\/wp\/v2\/users\/3"}],"replies":[{"embeddable":true,"href":"https:\/\/coronelxavierchaves.mg.gov.br\/prefeitura\/wp-json\/wp\/v2\/comments?post=25278"}],"version-history":[{"count":1,"href":"https:\/\/coronelxavierchaves.mg.gov.br\/prefeitura\/wp-json\/wp\/v2\/posts\/25278\/revisions"}],"predecessor-version":[{"id":25281,"href":"https:\/\/coronelxavierchaves.mg.gov.br\/prefeitura\/wp-json\/wp\/v2\/posts\/25278\/revisions\/25281"}],"wp:featuredmedia":[{"embeddable":true,"href":"https:\/\/coronelxavierchaves.mg.gov.br\/prefeitura\/wp-json\/wp\/v2\/media\/4367"}],"wp:attachment":[{"href":"https:\/\/coronelxavierchaves.mg.gov.br\/prefeitura\/wp-json\/wp\/v2\/media?parent=25278"}],"wp:term":[{"taxonomy":"category","embeddable":true,"href":"https:\/\/coronelxavierchaves.mg.gov.br\/prefeitura\/wp-json\/wp\/v2\/categories?post=25278"},{"taxonomy":"post_tag","embeddable":true,"href":"https:\/\/coronelxavierchaves.mg.gov.br\/prefeitura\/wp-json\/wp\/v2\/tags?post=25278"}],"curies":[{"name":"wp","href":"https:\/\/api.w.org\/{rel}","templated":true}]}}