{"id":25307,"date":"2025-10-14T16:00:11","date_gmt":"2025-10-14T19:00:11","guid":{"rendered":"https:\/\/coronelxavierchaves.mg.gov.br\/prefeitura\/?p=25307"},"modified":"2025-10-14T16:00:11","modified_gmt":"2025-10-14T19:00:11","slug":"atas-de-registro-de-precos-pl-102-2025-registro-de-precos-para-aquisicao-parcelada-de-generos-alimenticios-destinados-a-merenda-escolar","status":"publish","type":"post","link":"https:\/\/coronelxavierchaves.mg.gov.br\/prefeitura\/2025\/10\/14\/atas-de-registro-de-precos-pl-102-2025-registro-de-precos-para-aquisicao-parcelada-de-generos-alimenticios-destinados-a-merenda-escolar\/","title":{"rendered":"Atas de registro de pre\u00e7os (PL 102\/2025) &#8211; Registro de pre\u00e7os para aquisi\u00e7\u00e3o parcelada de g\u00eaneros aliment\u00edcios destinados \u00e0 merenda escolar"},"content":{"rendered":"<blockquote><p>DOWNLOADS<\/p><\/blockquote>\n<ul>\n<li><a href=\"https:\/\/coronelxavierchaves.mg.gov.br\/prefeitura\/wp-content\/uploads\/2025\/10\/ARP-ALVORADA-102-2025.pdf\">ATA DE REGISTRO DE PRE\u00c7OS: ALVORADA<\/a>, publicado em 10\/10\/2025 \u00e0s 16:00h.<\/li>\n<li><a href=\"https:\/\/coronelxavierchaves.mg.gov.br\/prefeitura\/wp-content\/uploads\/2025\/10\/ARP-BRUNO-102-2025.pdf\">ATA DE REGISTRO DE PRE\u00c7OS: BRUNO<\/a>, publicado em 10\/10\/2025 \u00e0s 16:00h.<\/li>\n<li><a href=\"https:\/\/coronelxavierchaves.mg.gov.br\/prefeitura\/wp-content\/uploads\/2025\/10\/ARP-CAXOT-102-2025.pdf\">ATA DE REGISTRO DE PRE\u00c7OS: CAXOT<\/a>, publicado em 10\/10\/2025 \u00e0s 16:00h.<\/li>\n<li><a href=\"https:\/\/coronelxavierchaves.mg.gov.br\/prefeitura\/wp-content\/uploads\/2025\/10\/ARP-CONFIANCA-102-2025.pdf\">ATA DE REGISTRO DE PRE\u00c7OS: CONFIAN\u00c7A<\/a>, publicado em 10\/10\/2025 \u00e0s 16:00h.<\/li>\n<li><a href=\"https:\/\/coronelxavierchaves.mg.gov.br\/prefeitura\/wp-content\/uploads\/2025\/10\/ARP-ERIK-102-2025.pdf\">ATA DE REGISTRO DE PRE\u00c7OS: ERIK<\/a>, publicado em 10\/10\/2025 \u00e0s 16:00h.<\/li>\n<li><a href=\"https:\/\/coronelxavierchaves.mg.gov.br\/prefeitura\/wp-content\/uploads\/2025\/10\/ARP-ESCOLHA-CERTA-102-2025.pdf\">ATA DE REGISTRO DE PRE\u00c7OS: ESCOLHA CERTA<\/a>, publicado em 10\/10\/2025 \u00e0s 16:00h.<\/li>\n<li><a href=\"https:\/\/coronelxavierchaves.mg.gov.br\/prefeitura\/wp-content\/uploads\/2025\/10\/ARP-LUIZ-JUNIOR-102-2025.pdf\">ATA DE REGISTRO DE PRE\u00c7OS: LUIZ JUNIOR<\/a>, publicado em 10\/10\/2025 \u00e0s 16:00h.<\/li>\n<li><a href=\"https:\/\/coronelxavierchaves.mg.gov.br\/prefeitura\/wp-content\/uploads\/2025\/10\/ARP-RAUL-102-2025.pdf\">ATA DE REGISTRO DE PRE\u00c7OS: RAUL<\/a>, publicado em 10\/10\/2025 \u00e0s 16:00h.<\/li>\n<li><a href=\"https:\/\/coronelxavierchaves.mg.gov.br\/prefeitura\/wp-content\/uploads\/2025\/10\/ARP-WSANTIAGO-102-2025.pdf\">ATA DE REGISTRO DE PRE\u00c7OS: WSANTIAGO<\/a>, publicado em 10\/10\/2025 \u00e0s 16:00h.<\/li>\n<\/ul>\n<blockquote><p>OBJETO<\/p><\/blockquote>\n<div style=\"text-align: justify;\">\n<div style=\"text-align: justify;\">\n<p><b><span lang=\"PT\">REGISTRO DE PRE\u00c7OS PARA AQUISI\u00c7\u00c3O PARCELADA DE G\u00caNEROS ALIMENT\u00cdCIOS DESTINADOS \u00c0 MERENDA ESCOLAR DA REDE MUNICIPAL DE ENSINO DE CORONEL XAVIER CHAVES\/MG.<\/span><\/b><\/p>\n<\/div>\n<div>\n<p>&nbsp;<\/p>\n<div>\n<p>*<b>PUBLICA\u00c7\u00c3O<\/b><\/p>\n<ul>\n<li>Um destaque desta publica\u00e7\u00e3o foi gerado na p\u00e1gina inicial do site, dispon\u00edvel at\u00e9 que demais publica\u00e7\u00f5es sejam realizadas.<\/li>\n<li>Uma publica\u00e7\u00e3o permanente foi feita na p\u00e1gina de Editais e Licita\u00e7\u00f5es.<\/li>\n<li>Link para acesso:\u00a0http:\/\/coronelxavierchaves.mg.gov.br\/prefeitura\/wp-json\/wp\/v2\/posts\/25307<\/li>\n<\/ul>\n<\/div>\n<\/div>\n<\/div>\n","protected":false},"excerpt":{"rendered":"<p>DOWNLOADS ATA DE REGISTRO DE PRE\u00c7OS: ALVORADA, publicado em 10\/10\/2025 \u00e0s 16:00h. ATA DE REGISTRO DE PRE\u00c7OS: BRUNO, publicado em 10\/10\/2025 \u00e0s 16:00h. ATA DE REGISTRO DE PRE\u00c7OS: CAXOT, publicado em 10\/10\/2025 \u00e0s 16:00h. ATA DE REGISTRO DE PRE\u00c7OS: CONFIAN\u00c7A, publicado em 10\/10\/2025 \u00e0s 16:00h. ATA DE REGISTRO DE PRE\u00c7OS: ERIK, publicado em 10\/10\/2025 \u00e0s [&hellip;]<\/p>\n","protected":false},"author":3,"featured_media":4367,"comment_status":"closed","ping_status":"closed","sticky":false,"template":"","format":"standard","meta":{"footnotes":"","_links_to":"","_links_to_target":""},"categories":[139],"tags":[],"class_list":{"0":"post-25307","1":"post","2":"type-post","3":"status-publish","4":"format-standard","5":"has-post-thumbnail","7":"category-contratos-aditivos-atas-e-outros-2025"},"_links":{"self":[{"href":"https:\/\/coronelxavierchaves.mg.gov.br\/prefeitura\/wp-json\/wp\/v2\/posts\/25307","targetHints":{"allow":["GET"]}}],"collection":[{"href":"https:\/\/coronelxavierchaves.mg.gov.br\/prefeitura\/wp-json\/wp\/v2\/posts"}],"about":[{"href":"https:\/\/coronelxavierchaves.mg.gov.br\/prefeitura\/wp-json\/wp\/v2\/types\/post"}],"author":[{"embeddable":true,"href":"https:\/\/coronelxavierchaves.mg.gov.br\/prefeitura\/wp-json\/wp\/v2\/users\/3"}],"replies":[{"embeddable":true,"href":"https:\/\/coronelxavierchaves.mg.gov.br\/prefeitura\/wp-json\/wp\/v2\/comments?post=25307"}],"version-history":[{"count":1,"href":"https:\/\/coronelxavierchaves.mg.gov.br\/prefeitura\/wp-json\/wp\/v2\/posts\/25307\/revisions"}],"predecessor-version":[{"id":25318,"href":"https:\/\/coronelxavierchaves.mg.gov.br\/prefeitura\/wp-json\/wp\/v2\/posts\/25307\/revisions\/25318"}],"wp:featuredmedia":[{"embeddable":true,"href":"https:\/\/coronelxavierchaves.mg.gov.br\/prefeitura\/wp-json\/wp\/v2\/media\/4367"}],"wp:attachment":[{"href":"https:\/\/coronelxavierchaves.mg.gov.br\/prefeitura\/wp-json\/wp\/v2\/media?parent=25307"}],"wp:term":[{"taxonomy":"category","embeddable":true,"href":"https:\/\/coronelxavierchaves.mg.gov.br\/prefeitura\/wp-json\/wp\/v2\/categories?post=25307"},{"taxonomy":"post_tag","embeddable":true,"href":"https:\/\/coronelxavierchaves.mg.gov.br\/prefeitura\/wp-json\/wp\/v2\/tags?post=25307"}],"curies":[{"name":"wp","href":"https:\/\/api.w.org\/{rel}","templated":true}]}}