{"id":25320,"date":"2025-10-15T08:04:21","date_gmt":"2025-10-15T11:04:21","guid":{"rendered":"https:\/\/coronelxavierchaves.mg.gov.br\/prefeitura\/?p=25320"},"modified":"2025-10-15T08:04:21","modified_gmt":"2025-10-15T11:04:21","slug":"ata-de-registro-de-precos-pl-101-2025-registro-de-precos-para-contratacao-de-empresa-especializada-na-prestacao-de-servicos-de-informacao-telefonica-e-disponibilizacao-de-linhas-moveis","status":"publish","type":"post","link":"https:\/\/coronelxavierchaves.mg.gov.br\/prefeitura\/2025\/10\/15\/ata-de-registro-de-precos-pl-101-2025-registro-de-precos-para-contratacao-de-empresa-especializada-na-prestacao-de-servicos-de-informacao-telefonica-e-disponibilizacao-de-linhas-moveis\/","title":{"rendered":"Ata de registro de pre\u00e7os (PL 101\/2025) &#8211; Registro de pre\u00e7os para contrata\u00e7\u00e3o de empresa especializada na presta\u00e7\u00e3o de servi\u00e7os de informa\u00e7\u00e3o telef\u00f4nica e disponibiliza\u00e7\u00e3o de linhas m\u00f3veis"},"content":{"rendered":"<blockquote><p>DOWNLOADS<\/p><\/blockquote>\n<ul>\n<li><a href=\"https:\/\/coronelxavierchaves.mg.gov.br\/prefeitura\/wp-content\/uploads\/2025\/10\/ARP-MUNDO-VOICE-101-2025.pdf\">ATA DE REGISTRO DE PRE\u00c7OS: MUNDO VOICE<\/a>, publicado em 15\/10\/2025 \u00e0s 08:04h.<\/li>\n<\/ul>\n<blockquote><p>OBJETO<\/p><\/blockquote>\n<div style=\"text-align: justify;\">\n<div style=\"text-align: justify;\">\n<p><b><span lang=\"PT\">REGISTRO DE PRE\u00c7OS PARA CONTRATA\u00c7\u00c3O DE EMPRESA ESPECIALIZADA NA PRESTA\u00c7\u00c3O DE SERVI\u00c7OS DE INFORMA\u00c7\u00c3O TELEF\u00d4NICA E DISPONIBILIZA\u00c7\u00c3O, EM REGIME DE COMODATO, DE LINHAS M\u00d3VEIS, COM FORNECIMENTO DOS RESPECTIVOS SIM CARDS (CHIPS), VISANDO ATENDER \u00c0S NECESSIDADES DA ADMINISTRA\u00c7\u00c3O P\u00daBLICA.<\/span><\/b><\/p>\n<\/div>\n<div>\n<p>&nbsp;<\/p>\n<div>\n<p>*<b>PUBLICA\u00c7\u00c3O<\/b><\/p>\n<ul>\n<li>Um destaque desta publica\u00e7\u00e3o foi gerado na p\u00e1gina inicial do site, dispon\u00edvel at\u00e9 que demais publica\u00e7\u00f5es sejam realizadas.<\/li>\n<li>Uma publica\u00e7\u00e3o permanente foi feita na p\u00e1gina de Editais e Licita\u00e7\u00f5es.<\/li>\n<li>Link para acesso:\u00a0http:\/\/coronelxavierchaves.mg.gov.br\/prefeitura\/wp-json\/wp\/v2\/posts\/25320<\/li>\n<\/ul>\n<\/div>\n<\/div>\n<\/div>\n","protected":false},"excerpt":{"rendered":"<p>DOWNLOADS ATA DE REGISTRO DE PRE\u00c7OS: MUNDO VOICE, publicado em 15\/10\/2025 \u00e0s 08:04h. OBJETO REGISTRO DE PRE\u00c7OS PARA CONTRATA\u00c7\u00c3O DE EMPRESA ESPECIALIZADA NA PRESTA\u00c7\u00c3O DE SERVI\u00c7OS DE INFORMA\u00c7\u00c3O TELEF\u00d4NICA E DISPONIBILIZA\u00c7\u00c3O, EM REGIME DE COMODATO, DE LINHAS M\u00d3VEIS, COM FORNECIMENTO DOS RESPECTIVOS SIM CARDS (CHIPS), VISANDO ATENDER \u00c0S NECESSIDADES DA ADMINISTRA\u00c7\u00c3O P\u00daBLICA. &nbsp; *PUBLICA\u00c7\u00c3O Um [&hellip;]<\/p>\n","protected":false},"author":3,"featured_media":4367,"comment_status":"closed","ping_status":"closed","sticky":false,"template":"","format":"standard","meta":{"footnotes":"","_links_to":"","_links_to_target":""},"categories":[139],"tags":[],"class_list":{"0":"post-25320","1":"post","2":"type-post","3":"status-publish","4":"format-standard","5":"has-post-thumbnail","7":"category-contratos-aditivos-atas-e-outros-2025"},"_links":{"self":[{"href":"https:\/\/coronelxavierchaves.mg.gov.br\/prefeitura\/wp-json\/wp\/v2\/posts\/25320","targetHints":{"allow":["GET"]}}],"collection":[{"href":"https:\/\/coronelxavierchaves.mg.gov.br\/prefeitura\/wp-json\/wp\/v2\/posts"}],"about":[{"href":"https:\/\/coronelxavierchaves.mg.gov.br\/prefeitura\/wp-json\/wp\/v2\/types\/post"}],"author":[{"embeddable":true,"href":"https:\/\/coronelxavierchaves.mg.gov.br\/prefeitura\/wp-json\/wp\/v2\/users\/3"}],"replies":[{"embeddable":true,"href":"https:\/\/coronelxavierchaves.mg.gov.br\/prefeitura\/wp-json\/wp\/v2\/comments?post=25320"}],"version-history":[{"count":1,"href":"https:\/\/coronelxavierchaves.mg.gov.br\/prefeitura\/wp-json\/wp\/v2\/posts\/25320\/revisions"}],"predecessor-version":[{"id":25323,"href":"https:\/\/coronelxavierchaves.mg.gov.br\/prefeitura\/wp-json\/wp\/v2\/posts\/25320\/revisions\/25323"}],"wp:featuredmedia":[{"embeddable":true,"href":"https:\/\/coronelxavierchaves.mg.gov.br\/prefeitura\/wp-json\/wp\/v2\/media\/4367"}],"wp:attachment":[{"href":"https:\/\/coronelxavierchaves.mg.gov.br\/prefeitura\/wp-json\/wp\/v2\/media?parent=25320"}],"wp:term":[{"taxonomy":"category","embeddable":true,"href":"https:\/\/coronelxavierchaves.mg.gov.br\/prefeitura\/wp-json\/wp\/v2\/categories?post=25320"},{"taxonomy":"post_tag","embeddable":true,"href":"https:\/\/coronelxavierchaves.mg.gov.br\/prefeitura\/wp-json\/wp\/v2\/tags?post=25320"}],"curies":[{"name":"wp","href":"https:\/\/api.w.org\/{rel}","templated":true}]}}