{"id":25325,"date":"2025-10-15T08:07:18","date_gmt":"2025-10-15T11:07:18","guid":{"rendered":"https:\/\/coronelxavierchaves.mg.gov.br\/prefeitura\/?p=25325"},"modified":"2025-10-15T08:07:18","modified_gmt":"2025-10-15T11:07:18","slug":"contrato-pl-82-2025-contratacao-de-empresa-especializada-para-fornecimento-e-instalacao-de-sistema-de-sonorizacao","status":"publish","type":"post","link":"https:\/\/coronelxavierchaves.mg.gov.br\/prefeitura\/2025\/10\/15\/contrato-pl-82-2025-contratacao-de-empresa-especializada-para-fornecimento-e-instalacao-de-sistema-de-sonorizacao\/","title":{"rendered":"Contrato (PL 82\/2025) &#8211; Contrata\u00e7\u00e3o de empresa especializada para fornecimento e instala\u00e7\u00e3o de sistema de sonoriza\u00e7\u00e3o"},"content":{"rendered":"<blockquote><p>DOWNLOADS<\/p><\/blockquote>\n<ul>\n<li><a href=\"https:\/\/coronelxavierchaves.mg.gov.br\/prefeitura\/wp-content\/uploads\/2025\/10\/CONTRATO-82-2025.pdf\">CONTRATO<\/a>, publicado em 15\/10\/2025 \u00e0s 08:07h.<\/li>\n<\/ul>\n<blockquote><p>OBJETO<\/p><\/blockquote>\n<div style=\"text-align: justify;\">\n<div style=\"text-align: justify;\">\n<div style=\"text-align: justify;\">\n<div><b>CONTRATA\u00c7\u00c3O DE EMPRESA ESPECIALIZADA PARA FORNECIMENTO E INSTALA\u00c7\u00c3O DE SISTEMA DE SONORIZA\u00c7\u00c3O NO AUDIT\u00d3RIO \u201cCEC\u00cdLIA MEIRELES\u201d LOCALIZADO NA ESCOLA MUNICIPAL \u201cSEBASTI\u00c3O PATR\u00cdCIO PINTO\u201d, INCLUINDO TODOS OS EQUIPAMENTOS, MATERIAIS E SERVI\u00c7OS NECESS\u00c1RIOS AO PLENO FUNCIONAMENTO DO SISTEMA.\u00a0<\/b><\/div>\n<div>\n<p>&nbsp;<\/p>\n<div class=\"printshowonly\">\n<p>*<b>PUBLICA\u00c7\u00c3O<\/b><\/p>\n<ul>\n<li>Um destaque desta publica\u00e7\u00e3o foi gerado na p\u00e1gina inicial do site, dispon\u00edvel at\u00e9 que demais publica\u00e7\u00f5es sejam realizadas.<\/li>\n<li>Uma publica\u00e7\u00e3o permanente foi feita na p\u00e1gina de Editais e Licita\u00e7\u00f5es.<\/li>\n<li>Link para acesso:\u00a0http:\/\/coronelxavierchaves.mg.gov.br\/prefeitura\/wp-json\/wp\/v2\/posts\/25325<\/li>\n<\/ul>\n<\/div>\n<\/div>\n<\/div>\n<div><\/div>\n<\/div>\n<\/div>\n","protected":false},"excerpt":{"rendered":"<p>DOWNLOADS CONTRATO, publicado em 15\/10\/2025 \u00e0s 08:07h. OBJETO CONTRATA\u00c7\u00c3O DE EMPRESA ESPECIALIZADA PARA FORNECIMENTO E INSTALA\u00c7\u00c3O DE SISTEMA DE SONORIZA\u00c7\u00c3O NO AUDIT\u00d3RIO \u201cCEC\u00cdLIA MEIRELES\u201d LOCALIZADO NA ESCOLA MUNICIPAL \u201cSEBASTI\u00c3O PATR\u00cdCIO PINTO\u201d, INCLUINDO TODOS OS EQUIPAMENTOS, MATERIAIS E SERVI\u00c7OS NECESS\u00c1RIOS AO PLENO FUNCIONAMENTO DO SISTEMA.\u00a0 &nbsp; *PUBLICA\u00c7\u00c3O Um destaque desta publica\u00e7\u00e3o foi gerado na p\u00e1gina inicial [&hellip;]<\/p>\n","protected":false},"author":3,"featured_media":4367,"comment_status":"closed","ping_status":"closed","sticky":false,"template":"","format":"standard","meta":{"footnotes":"","_links_to":"","_links_to_target":""},"categories":[139],"tags":[],"class_list":{"0":"post-25325","1":"post","2":"type-post","3":"status-publish","4":"format-standard","5":"has-post-thumbnail","7":"category-contratos-aditivos-atas-e-outros-2025"},"_links":{"self":[{"href":"https:\/\/coronelxavierchaves.mg.gov.br\/prefeitura\/wp-json\/wp\/v2\/posts\/25325","targetHints":{"allow":["GET"]}}],"collection":[{"href":"https:\/\/coronelxavierchaves.mg.gov.br\/prefeitura\/wp-json\/wp\/v2\/posts"}],"about":[{"href":"https:\/\/coronelxavierchaves.mg.gov.br\/prefeitura\/wp-json\/wp\/v2\/types\/post"}],"author":[{"embeddable":true,"href":"https:\/\/coronelxavierchaves.mg.gov.br\/prefeitura\/wp-json\/wp\/v2\/users\/3"}],"replies":[{"embeddable":true,"href":"https:\/\/coronelxavierchaves.mg.gov.br\/prefeitura\/wp-json\/wp\/v2\/comments?post=25325"}],"version-history":[{"count":1,"href":"https:\/\/coronelxavierchaves.mg.gov.br\/prefeitura\/wp-json\/wp\/v2\/posts\/25325\/revisions"}],"predecessor-version":[{"id":25328,"href":"https:\/\/coronelxavierchaves.mg.gov.br\/prefeitura\/wp-json\/wp\/v2\/posts\/25325\/revisions\/25328"}],"wp:featuredmedia":[{"embeddable":true,"href":"https:\/\/coronelxavierchaves.mg.gov.br\/prefeitura\/wp-json\/wp\/v2\/media\/4367"}],"wp:attachment":[{"href":"https:\/\/coronelxavierchaves.mg.gov.br\/prefeitura\/wp-json\/wp\/v2\/media?parent=25325"}],"wp:term":[{"taxonomy":"category","embeddable":true,"href":"https:\/\/coronelxavierchaves.mg.gov.br\/prefeitura\/wp-json\/wp\/v2\/categories?post=25325"},{"taxonomy":"post_tag","embeddable":true,"href":"https:\/\/coronelxavierchaves.mg.gov.br\/prefeitura\/wp-json\/wp\/v2\/tags?post=25325"}],"curies":[{"name":"wp","href":"https:\/\/api.w.org\/{rel}","templated":true}]}}