{"id":25343,"date":"2025-10-15T08:19:19","date_gmt":"2025-10-15T11:19:19","guid":{"rendered":"https:\/\/coronelxavierchaves.mg.gov.br\/prefeitura\/?p=25343"},"modified":"2025-10-15T08:19:19","modified_gmt":"2025-10-15T11:19:19","slug":"contratos-pl-106-2025-aquisicao-de-equipamentos-e-acessorios-odontologicos","status":"publish","type":"post","link":"https:\/\/coronelxavierchaves.mg.gov.br\/prefeitura\/2025\/10\/15\/contratos-pl-106-2025-aquisicao-de-equipamentos-e-acessorios-odontologicos\/","title":{"rendered":"Contratos (PL 106\/2025) &#8211; Aquisi\u00e7\u00e3o de equipamentos e acess\u00f3rios odontol\u00f3gicos"},"content":{"rendered":"<blockquote><p>DOWNLOADS<\/p><\/blockquote>\n<ul>\n<li><a href=\"https:\/\/coronelxavierchaves.mg.gov.br\/prefeitura\/wp-content\/uploads\/2025\/10\/CONTRATO-ODONTOMASTER-106-2025.pdf\">CONTRATO: ODONTOMASTER<\/a>, publicado em 15\/10\/2025 \u00e0s 08:19h.<\/li>\n<li><a href=\"https:\/\/coronelxavierchaves.mg.gov.br\/prefeitura\/wp-content\/uploads\/2025\/10\/CONTRATO-DENTAL-SAO-CRISTOVAO-106-2025.pdf\">CONTRATO: DENTAL S\u00c3O CRISTOV\u00c3O<\/a>, publicado em 15\/10\/2025 \u00e0s 08:19h.<\/li>\n<\/ul>\n<blockquote><p>OBJETO<\/p><\/blockquote>\n<div style=\"text-align: justify;\">\n<div style=\"text-align: justify;\">\n<div style=\"text-align: justify;\">\n<div>Aquisi\u00e7\u00e3o de equipamentos e acess\u00f3rios odontol\u00f3gicos destinados a estruturar e equipar adequadamente o consult\u00f3rio odontol\u00f3gico do Centro de Sa\u00fade \u201cGeraldo de Souza\u201d, no Munic\u00edpio de Coronel Xavier Chaves\/MG<b>.<\/b><b>\u00a0<\/b><\/div>\n<div>\n<p>&nbsp;<\/p>\n<div class=\"printshowonly\">\n<p>*<b>PUBLICA\u00c7\u00c3O<\/b><\/p>\n<ul>\n<li>Um destaque desta publica\u00e7\u00e3o foi gerado na p\u00e1gina inicial do site, dispon\u00edvel at\u00e9 que demais publica\u00e7\u00f5es sejam realizadas.<\/li>\n<li>Uma publica\u00e7\u00e3o permanente foi feita na p\u00e1gina de Editais e Licita\u00e7\u00f5es.<\/li>\n<li>Link para acesso:\u00a0http:\/\/coronelxavierchaves.mg.gov.br\/prefeitura\/wp-json\/wp\/v2\/posts\/25343<\/li>\n<\/ul>\n<\/div>\n<\/div>\n<\/div>\n<div><\/div>\n<\/div>\n<\/div>\n","protected":false},"excerpt":{"rendered":"<p>DOWNLOADS CONTRATO: ODONTOMASTER, publicado em 15\/10\/2025 \u00e0s 08:19h. CONTRATO: DENTAL S\u00c3O CRISTOV\u00c3O, publicado em 15\/10\/2025 \u00e0s 08:19h. OBJETO Aquisi\u00e7\u00e3o de equipamentos e acess\u00f3rios odontol\u00f3gicos destinados a estruturar e equipar adequadamente o consult\u00f3rio odontol\u00f3gico do Centro de Sa\u00fade \u201cGeraldo de Souza\u201d, no Munic\u00edpio de Coronel Xavier Chaves\/MG.\u00a0 &nbsp; *PUBLICA\u00c7\u00c3O Um destaque desta publica\u00e7\u00e3o foi gerado na [&hellip;]<\/p>\n","protected":false},"author":3,"featured_media":4367,"comment_status":"closed","ping_status":"closed","sticky":false,"template":"","format":"standard","meta":{"footnotes":"","_links_to":"","_links_to_target":""},"categories":[139],"tags":[],"class_list":{"0":"post-25343","1":"post","2":"type-post","3":"status-publish","4":"format-standard","5":"has-post-thumbnail","7":"category-contratos-aditivos-atas-e-outros-2025"},"_links":{"self":[{"href":"https:\/\/coronelxavierchaves.mg.gov.br\/prefeitura\/wp-json\/wp\/v2\/posts\/25343","targetHints":{"allow":["GET"]}}],"collection":[{"href":"https:\/\/coronelxavierchaves.mg.gov.br\/prefeitura\/wp-json\/wp\/v2\/posts"}],"about":[{"href":"https:\/\/coronelxavierchaves.mg.gov.br\/prefeitura\/wp-json\/wp\/v2\/types\/post"}],"author":[{"embeddable":true,"href":"https:\/\/coronelxavierchaves.mg.gov.br\/prefeitura\/wp-json\/wp\/v2\/users\/3"}],"replies":[{"embeddable":true,"href":"https:\/\/coronelxavierchaves.mg.gov.br\/prefeitura\/wp-json\/wp\/v2\/comments?post=25343"}],"version-history":[{"count":1,"href":"https:\/\/coronelxavierchaves.mg.gov.br\/prefeitura\/wp-json\/wp\/v2\/posts\/25343\/revisions"}],"predecessor-version":[{"id":25347,"href":"https:\/\/coronelxavierchaves.mg.gov.br\/prefeitura\/wp-json\/wp\/v2\/posts\/25343\/revisions\/25347"}],"wp:featuredmedia":[{"embeddable":true,"href":"https:\/\/coronelxavierchaves.mg.gov.br\/prefeitura\/wp-json\/wp\/v2\/media\/4367"}],"wp:attachment":[{"href":"https:\/\/coronelxavierchaves.mg.gov.br\/prefeitura\/wp-json\/wp\/v2\/media?parent=25343"}],"wp:term":[{"taxonomy":"category","embeddable":true,"href":"https:\/\/coronelxavierchaves.mg.gov.br\/prefeitura\/wp-json\/wp\/v2\/categories?post=25343"},{"taxonomy":"post_tag","embeddable":true,"href":"https:\/\/coronelxavierchaves.mg.gov.br\/prefeitura\/wp-json\/wp\/v2\/tags?post=25343"}],"curies":[{"name":"wp","href":"https:\/\/api.w.org\/{rel}","templated":true}]}}