{"id":25364,"date":"2025-10-15T08:36:16","date_gmt":"2025-10-15T11:36:16","guid":{"rendered":"https:\/\/coronelxavierchaves.mg.gov.br\/prefeitura\/?p=25364"},"modified":"2025-10-15T08:36:16","modified_gmt":"2025-10-15T11:36:16","slug":"contrato-direto-contratacao-de-empresa-especializada-para-a-producao-e-fornecimento-de-pasteis-durante-a-comemoracao-do-dia-da-crianca-no-ano-de-2025","status":"publish","type":"post","link":"https:\/\/coronelxavierchaves.mg.gov.br\/prefeitura\/2025\/10\/15\/contrato-direto-contratacao-de-empresa-especializada-para-a-producao-e-fornecimento-de-pasteis-durante-a-comemoracao-do-dia-da-crianca-no-ano-de-2025\/","title":{"rendered":"Contrato Direto: Contrata\u00e7\u00e3o de empresa especializada para a produ\u00e7\u00e3o e fornecimento de past\u00e9is durante a comemora\u00e7\u00e3o do dia da crian\u00e7a no ano de 2025"},"content":{"rendered":"<blockquote><p>DOWNLOADS<\/p><\/blockquote>\n<ul>\n<li><a href=\"https:\/\/coronelxavierchaves.mg.gov.br\/prefeitura\/wp-content\/uploads\/2025\/10\/CONTRATO-DIRETO-FORNECIMENTO-DE-PASTEL.pdf\">CONTRATO<\/a>, publicado em 15\/10\/2025 \u00e0s 08:36h.<\/li>\n<\/ul>\n<blockquote><p>OBJETO<\/p><\/blockquote>\n<div style=\"text-align: justify;\">\n<div style=\"text-align: justify;\">\n<div style=\"text-align: justify;\"><b>CONTRATA\u00c7\u00c3O DE EMPRESA ESPECIALIZADA PARA A PRODU\u00c7\u00c3O E FORNECIMENTO DE PAST\u00c9IS PRONTOS PARA CONSUMO DURANTE A COMEMORA\u00c7\u00c3O DO DIA DA CRIAN\u00c7A NO ANO DE 2025.<\/b><\/div>\n<\/div>\n<div><\/div>\n<\/div>\n","protected":false},"excerpt":{"rendered":"<p>DOWNLOADS CONTRATO, publicado em 15\/10\/2025 \u00e0s 08:36h. OBJETO CONTRATA\u00c7\u00c3O DE EMPRESA ESPECIALIZADA PARA A PRODU\u00c7\u00c3O E FORNECIMENTO DE PAST\u00c9IS PRONTOS PARA CONSUMO DURANTE A COMEMORA\u00c7\u00c3O DO DIA DA CRIAN\u00c7A NO ANO DE 2025.<\/p>\n","protected":false},"author":3,"featured_media":4367,"comment_status":"closed","ping_status":"closed","sticky":false,"template":"","format":"standard","meta":{"footnotes":"","_links_to":"","_links_to_target":""},"categories":[139],"tags":[],"class_list":{"0":"post-25364","1":"post","2":"type-post","3":"status-publish","4":"format-standard","5":"has-post-thumbnail","7":"category-contratos-aditivos-atas-e-outros-2025"},"_links":{"self":[{"href":"https:\/\/coronelxavierchaves.mg.gov.br\/prefeitura\/wp-json\/wp\/v2\/posts\/25364","targetHints":{"allow":["GET"]}}],"collection":[{"href":"https:\/\/coronelxavierchaves.mg.gov.br\/prefeitura\/wp-json\/wp\/v2\/posts"}],"about":[{"href":"https:\/\/coronelxavierchaves.mg.gov.br\/prefeitura\/wp-json\/wp\/v2\/types\/post"}],"author":[{"embeddable":true,"href":"https:\/\/coronelxavierchaves.mg.gov.br\/prefeitura\/wp-json\/wp\/v2\/users\/3"}],"replies":[{"embeddable":true,"href":"https:\/\/coronelxavierchaves.mg.gov.br\/prefeitura\/wp-json\/wp\/v2\/comments?post=25364"}],"version-history":[{"count":1,"href":"https:\/\/coronelxavierchaves.mg.gov.br\/prefeitura\/wp-json\/wp\/v2\/posts\/25364\/revisions"}],"predecessor-version":[{"id":25366,"href":"https:\/\/coronelxavierchaves.mg.gov.br\/prefeitura\/wp-json\/wp\/v2\/posts\/25364\/revisions\/25366"}],"wp:featuredmedia":[{"embeddable":true,"href":"https:\/\/coronelxavierchaves.mg.gov.br\/prefeitura\/wp-json\/wp\/v2\/media\/4367"}],"wp:attachment":[{"href":"https:\/\/coronelxavierchaves.mg.gov.br\/prefeitura\/wp-json\/wp\/v2\/media?parent=25364"}],"wp:term":[{"taxonomy":"category","embeddable":true,"href":"https:\/\/coronelxavierchaves.mg.gov.br\/prefeitura\/wp-json\/wp\/v2\/categories?post=25364"},{"taxonomy":"post_tag","embeddable":true,"href":"https:\/\/coronelxavierchaves.mg.gov.br\/prefeitura\/wp-json\/wp\/v2\/tags?post=25364"}],"curies":[{"name":"wp","href":"https:\/\/api.w.org\/{rel}","templated":true}]}}