{"id":25379,"date":"2025-10-16T14:47:22","date_gmt":"2025-10-16T17:47:22","guid":{"rendered":"https:\/\/coronelxavierchaves.mg.gov.br\/prefeitura\/?p=25379"},"modified":"2025-10-20T16:11:35","modified_gmt":"2025-10-20T19:11:35","slug":"edital-de-convocacao-temporaria-concurso-001-2024-e-processo-seletivo-003-2024-professor-de-apoio-especializado-2","status":"publish","type":"post","link":"https:\/\/coronelxavierchaves.mg.gov.br\/prefeitura\/2025\/10\/16\/edital-de-convocacao-temporaria-concurso-001-2024-e-processo-seletivo-003-2024-professor-de-apoio-especializado-2\/","title":{"rendered":"Edital de Convoca\u00e7\u00e3o Tempor\u00e1ria Concurso 001\/2024 e Processo Seletivo 003\/2024 &#8211; Professor de Apoio Especializado"},"content":{"rendered":"<p style=\"text-align: justify;\">\u00a0Edital de Convoca\u00e7\u00e3o do Processo Seletivo 001\/2024.<\/p>\n<ul>\n<li><del><a href=\"https:\/\/coronelxavierchaves.mg.gov.br\/prefeitura\/wp-content\/uploads\/2025\/10\/EDITAL-professor-apoio-especializado-15-10-0032024-001-2024.pdf\">EDITAL DE CONVOCA\u00c7\u00c3O: PROFESSOR DE APOIO ESPECIALIZADO<\/a>,<\/del> publicado em 16\/10\/2025 \u00e0s 14:47h.<\/li>\n<li><a href=\"https:\/\/coronelxavierchaves.mg.gov.br\/prefeitura\/wp-content\/uploads\/2025\/10\/RETIFICACAO-EDITAL-DE-CONVOCACAO-PROFESSOR-APOIO-15-10.pdf\">RETIFICA\u00c7\u00c3O<\/a>, publicado em 20\/10\/2025 \u00e0s 15:52h.<\/li>\n<li><a href=\"https:\/\/coronelxavierchaves.mg.gov.br\/prefeitura\/wp-content\/uploads\/2025\/10\/MODELO-NOVO-professor-apoio-especializado-15-10-RETIFICADO.pdf\">EDITAL DE CONVOCA\u00c7\u00c3O: PROFESSOR DE APOIO ESPECIALIZADO &#8211; 1\u00aa RETIFICA\u00c7\u00c3O<\/a>, publicado em 20\/10\/2025 \u00e0s 15:53h.<\/li>\n<\/ul>\n","protected":false},"excerpt":{"rendered":"<p>\u00a0Edital de Convoca\u00e7\u00e3o do Processo Seletivo 001\/2024. EDITAL DE CONVOCA\u00c7\u00c3O: PROFESSOR DE APOIO ESPECIALIZADO, publicado em 16\/10\/2025 \u00e0s 14:47h. RETIFICA\u00c7\u00c3O, publicado em 20\/10\/2025 \u00e0s 15:52h. EDITAL DE CONVOCA\u00c7\u00c3O: PROFESSOR DE APOIO ESPECIALIZADO &#8211; 1\u00aa RETIFICA\u00c7\u00c3O, publicado em 20\/10\/2025 \u00e0s 15:53h.<\/p>\n","protected":false},"author":3,"featured_media":4366,"comment_status":"closed","ping_status":"closed","sticky":false,"template":"","format":"standard","meta":{"footnotes":"","_links_to":"","_links_to_target":""},"categories":[149,137],"tags":[],"class_list":{"0":"post-25379","1":"post","2":"type-post","3":"status-publish","4":"format-standard","5":"has-post-thumbnail","7":"category-convocacao-temporaria-2025","8":"category-editais-de-convocacao-e-contratacao-2025"},"_links":{"self":[{"href":"https:\/\/coronelxavierchaves.mg.gov.br\/prefeitura\/wp-json\/wp\/v2\/posts\/25379","targetHints":{"allow":["GET"]}}],"collection":[{"href":"https:\/\/coronelxavierchaves.mg.gov.br\/prefeitura\/wp-json\/wp\/v2\/posts"}],"about":[{"href":"https:\/\/coronelxavierchaves.mg.gov.br\/prefeitura\/wp-json\/wp\/v2\/types\/post"}],"author":[{"embeddable":true,"href":"https:\/\/coronelxavierchaves.mg.gov.br\/prefeitura\/wp-json\/wp\/v2\/users\/3"}],"replies":[{"embeddable":true,"href":"https:\/\/coronelxavierchaves.mg.gov.br\/prefeitura\/wp-json\/wp\/v2\/comments?post=25379"}],"version-history":[{"count":2,"href":"https:\/\/coronelxavierchaves.mg.gov.br\/prefeitura\/wp-json\/wp\/v2\/posts\/25379\/revisions"}],"predecessor-version":[{"id":25397,"href":"https:\/\/coronelxavierchaves.mg.gov.br\/prefeitura\/wp-json\/wp\/v2\/posts\/25379\/revisions\/25397"}],"wp:featuredmedia":[{"embeddable":true,"href":"https:\/\/coronelxavierchaves.mg.gov.br\/prefeitura\/wp-json\/wp\/v2\/media\/4366"}],"wp:attachment":[{"href":"https:\/\/coronelxavierchaves.mg.gov.br\/prefeitura\/wp-json\/wp\/v2\/media?parent=25379"}],"wp:term":[{"taxonomy":"category","embeddable":true,"href":"https:\/\/coronelxavierchaves.mg.gov.br\/prefeitura\/wp-json\/wp\/v2\/categories?post=25379"},{"taxonomy":"post_tag","embeddable":true,"href":"https:\/\/coronelxavierchaves.mg.gov.br\/prefeitura\/wp-json\/wp\/v2\/tags?post=25379"}],"curies":[{"name":"wp","href":"https:\/\/api.w.org\/{rel}","templated":true}]}}