{"id":25387,"date":"2025-10-17T16:33:08","date_gmt":"2025-10-17T19:33:08","guid":{"rendered":"https:\/\/coronelxavierchaves.mg.gov.br\/prefeitura\/?p=25387"},"modified":"2025-11-03T11:34:38","modified_gmt":"2025-11-03T14:34:38","slug":"autorizacao-pa-122-2025-adesao-a-ata-de-registro-de-precos-para-aquisicao-de-materiais-para-enfeites-e-decoracao-natalina-dos-espacos-publicos-do-municipio-de-coronel-xavier-chaves-referente-ao-e","status":"publish","type":"post","link":"https:\/\/coronelxavierchaves.mg.gov.br\/prefeitura\/2025\/10\/17\/autorizacao-pa-122-2025-adesao-a-ata-de-registro-de-precos-para-aquisicao-de-materiais-para-enfeites-e-decoracao-natalina-dos-espacos-publicos-do-municipio-de-coronel-xavier-chaves-referente-ao-e\/","title":{"rendered":"Autoriza\u00e7\u00e3o (PA 122\/2025) &#8211; Ades\u00e3o \u00e0 ata de registro de pre\u00e7os para aquisi\u00e7\u00e3o de materiais para enfeites e decora\u00e7\u00e3o natalina dos espa\u00e7os p\u00fablicos do Munic\u00edpio de Coronel Xavier Chaves, referente ao exerc\u00edcio de 2025."},"content":{"rendered":"<blockquote><p>DOWNLOADS<\/p><\/blockquote>\n<ul>\n<li><a href=\"https:\/\/coronelxavierchaves.mg.gov.br\/prefeitura\/wp-content\/uploads\/2025\/10\/13-AUTORIZACAO-1.pdf\">AUTORIZA\u00c7\u00c3O<\/a>, publicado em 17\/10\/2025 \u00e0s 16:31h.<\/li>\n<li><a href=\"https:\/\/coronelxavierchaves.mg.gov.br\/prefeitura\/wp-content\/uploads\/2025\/10\/15-CONTRATO-publicar.pdf\">CONTRATO<\/a>, publicado em 28\/10\/2025 \u00e0s 11:07h.<\/li>\n<\/ul>\n<blockquote><p>OBJETO<\/p><\/blockquote>\n<div style=\"text-align: justify;\">\n<div style=\"text-align: justify;\">\n<p style=\"font-weight: 400;\">Ades\u00e3o \u00e0 ata de registro de pre\u00e7os para aquisi\u00e7\u00e3o de materiais para enfeites e decora\u00e7\u00e3o natalina dos espa\u00e7os p\u00fablicos do Munic\u00edpio de Coronel Xavier Chaves, referente ao exerc\u00edcio de 2025.<\/p>\n<\/div>\n<div>\n<p>&nbsp;<\/p>\n<div>\n<p>*<b>PUBLICA\u00c7\u00c3O<\/b><\/p>\n<ul>\n<li>Um destaque desta publica\u00e7\u00e3o foi gerado na p\u00e1gina inicial do site, dispon\u00edvel at\u00e9 que demais publica\u00e7\u00f5es sejam realizadas.<\/li>\n<li>Uma publica\u00e7\u00e3o permanente foi feita na p\u00e1gina de Editais e Licita\u00e7\u00f5es.<\/li>\n<\/ul>\n<\/div>\n<\/div>\n<\/div>\n","protected":false},"excerpt":{"rendered":"<p>DOWNLOADS AUTORIZA\u00c7\u00c3O, publicado em 17\/10\/2025 \u00e0s 16:31h. CONTRATO, publicado em 28\/10\/2025 \u00e0s 11:07h. OBJETO Ades\u00e3o \u00e0 ata de registro de pre\u00e7os para aquisi\u00e7\u00e3o de materiais para enfeites e decora\u00e7\u00e3o natalina dos espa\u00e7os p\u00fablicos do Munic\u00edpio de Coronel Xavier Chaves, referente ao exerc\u00edcio de 2025. &nbsp; *PUBLICA\u00c7\u00c3O Um destaque desta publica\u00e7\u00e3o foi gerado na p\u00e1gina inicial [&hellip;]<\/p>\n","protected":false},"author":8,"featured_media":4367,"comment_status":"closed","ping_status":"closed","sticky":false,"template":"","format":"standard","meta":{"footnotes":"","_links_to":"","_links_to_target":""},"categories":[135],"tags":[],"class_list":{"0":"post-25387","1":"post","2":"type-post","3":"status-publish","4":"format-standard","5":"has-post-thumbnail","7":"category-editais-de-licitacao-2025"},"_links":{"self":[{"href":"https:\/\/coronelxavierchaves.mg.gov.br\/prefeitura\/wp-json\/wp\/v2\/posts\/25387","targetHints":{"allow":["GET"]}}],"collection":[{"href":"https:\/\/coronelxavierchaves.mg.gov.br\/prefeitura\/wp-json\/wp\/v2\/posts"}],"about":[{"href":"https:\/\/coronelxavierchaves.mg.gov.br\/prefeitura\/wp-json\/wp\/v2\/types\/post"}],"author":[{"embeddable":true,"href":"https:\/\/coronelxavierchaves.mg.gov.br\/prefeitura\/wp-json\/wp\/v2\/users\/8"}],"replies":[{"embeddable":true,"href":"https:\/\/coronelxavierchaves.mg.gov.br\/prefeitura\/wp-json\/wp\/v2\/comments?post=25387"}],"version-history":[{"count":2,"href":"https:\/\/coronelxavierchaves.mg.gov.br\/prefeitura\/wp-json\/wp\/v2\/posts\/25387\/revisions"}],"predecessor-version":[{"id":25525,"href":"https:\/\/coronelxavierchaves.mg.gov.br\/prefeitura\/wp-json\/wp\/v2\/posts\/25387\/revisions\/25525"}],"wp:featuredmedia":[{"embeddable":true,"href":"https:\/\/coronelxavierchaves.mg.gov.br\/prefeitura\/wp-json\/wp\/v2\/media\/4367"}],"wp:attachment":[{"href":"https:\/\/coronelxavierchaves.mg.gov.br\/prefeitura\/wp-json\/wp\/v2\/media?parent=25387"}],"wp:term":[{"taxonomy":"category","embeddable":true,"href":"https:\/\/coronelxavierchaves.mg.gov.br\/prefeitura\/wp-json\/wp\/v2\/categories?post=25387"},{"taxonomy":"post_tag","embeddable":true,"href":"https:\/\/coronelxavierchaves.mg.gov.br\/prefeitura\/wp-json\/wp\/v2\/tags?post=25387"}],"curies":[{"name":"wp","href":"https:\/\/api.w.org\/{rel}","templated":true}]}}