{"id":25409,"date":"2025-10-22T15:51:19","date_gmt":"2025-10-22T18:51:19","guid":{"rendered":"https:\/\/coronelxavierchaves.mg.gov.br\/prefeitura\/?p=25409"},"modified":"2025-12-04T08:59:27","modified_gmt":"2025-12-04T11:59:27","slug":"aviso-de-licitacao-pl-124-2025-concessao-de-permissao-de-uso-precaria-e-temporaria-de-espacos-publicos-para-instalacao-e-funcionamento-de-bares-destinados-a-comercializacao-de-generos-alimenticio","status":"publish","type":"post","link":"https:\/\/coronelxavierchaves.mg.gov.br\/prefeitura\/2025\/10\/22\/aviso-de-licitacao-pl-124-2025-concessao-de-permissao-de-uso-precaria-e-temporaria-de-espacos-publicos-para-instalacao-e-funcionamento-de-bares-destinados-a-comercializacao-de-generos-alimenticio\/","title":{"rendered":"Aviso de Licita\u00e7\u00e3o (PL 124\/2025) &#8211; Concess\u00e3o De Permiss\u00e3o De Uso Prec\u00e1ria E Tempor\u00e1ria De Espa\u00e7os P\u00fablicos Para Instala\u00e7\u00e3o E Funcionamento De Bares, Destinados \u00c0 Comercializa\u00e7\u00e3o De G\u00eaneros Aliment\u00edcios E Bebidas Durante A Realiza\u00e7\u00e3o Do Evento \u201cNatal Encantado\u201d&#8230;"},"content":{"rendered":"<blockquote>\n<p style=\"text-align: center;\">DOWNLOADS<\/p>\n<\/blockquote>\n<ul>\n<li style=\"list-style-type: none;\">\n<ul>\n<li><del><a href=\"https:\/\/coronelxavierchaves.mg.gov.br\/prefeitura\/wp-content\/uploads\/2025\/10\/08-EDITAL.pdf\">EDITAL<\/a>, publicado em 22\/10\/2025 \u00e0s 15:49h.<\/del><\/li>\n<li><del><a href=\"https:\/\/coronelxavierchaves.mg.gov.br\/prefeitura\/wp-content\/uploads\/2025\/10\/ERRATA.pdf\">ERRATA<\/a>, publicado em 31\/10\/2025 \u00e0s 14:12h.<\/del><\/li>\n<li><del><a href=\"https:\/\/coronelxavierchaves.mg.gov.br\/prefeitura\/wp-content\/uploads\/2025\/10\/EDITAL-RETIFICADO-1.pdf\">EDITAL RETIFICADO<\/a>, publicado em 31\/10\/2025 \u00e0s 14:13h.<\/del><\/li>\n<li><a href=\"https:\/\/coronelxavierchaves.mg.gov.br\/prefeitura\/wp-content\/uploads\/2025\/10\/ERRATA-2.pdf\">ERRATA 2<\/a>, publicado em 31\/10\/2025 \u00e0s 16:51h.<\/li>\n<li><a href=\"https:\/\/coronelxavierchaves.mg.gov.br\/prefeitura\/wp-content\/uploads\/2025\/10\/EDITAL-RETIFICADO-2.pdf\">EDITAL RETIFICADO 2<\/a>, publicado em 31\/10\/2025 \u00e0s 16:53h.<\/li>\n<li><a href=\"https:\/\/coronelxavierchaves.mg.gov.br\/prefeitura\/wp-content\/uploads\/2025\/12\/CONTRATO-BRUNO.pdf\">CONTRATO: BRUNO<\/a>, publicado em 04\/12\/2025 \u00e0s 08:59h.<\/li>\n<li><a href=\"https:\/\/coronelxavierchaves.mg.gov.br\/prefeitura\/wp-content\/uploads\/2025\/12\/CONTRATO-ELIAS.pdf\">CONTRATO: ELIAS<\/a>, publicado em 04\/12\/2025 \u00e0s 08:59h.<\/li>\n<li><a href=\"https:\/\/coronelxavierchaves.mg.gov.br\/prefeitura\/wp-content\/uploads\/2025\/12\/CONTRATO-ESAU.pdf\">CONTRATO: ESAU<\/a>, publicado em 04\/12\/2025 \u00e0s 08:59h.<\/li>\n<li><a href=\"https:\/\/coronelxavierchaves.mg.gov.br\/prefeitura\/wp-content\/uploads\/2025\/12\/CONTRATO-GARAGE.pdf\">CONTRATO: GARAGE<\/a>, publicado em 04\/12\/2025 \u00e0s 08:59h.<\/li>\n<li><a href=\"https:\/\/coronelxavierchaves.mg.gov.br\/prefeitura\/wp-content\/uploads\/2025\/12\/CONTRATO-SILVANIA.pdf\">CONTRATO: SILVANIA<\/a>, publicado em 04\/12\/2025 \u00e0s 08:59h.<\/li>\n<\/ul>\n<\/li>\n<\/ul>\n<blockquote>\n<p style=\"text-align: center;\">OBJETO<\/p>\n<\/blockquote>\n<p style=\"text-align: justify;\"><strong>CONCESS\u00c3O DE PERMISS\u00c3O DE USO PREC\u00c1RIA E TEMPOR\u00c1RIA DE ESPA\u00c7OS P\u00daBLICOS PARA INSTALA\u00c7\u00c3O E FUNCIONAMENTO DE BARES, DESTINADOS \u00c0 COMERCIALIZA\u00c7\u00c3O DE G\u00caNEROS ALIMENT\u00cdCIOS E BEBIDAS DURANTE A REALIZA\u00c7\u00c3O DO EVENTO \u201cNATAL ENCANTADO\u201d DO MUNIC\u00cdPIO DE CORONEL XAVIER CHAVES\/MG, A SER REALIZADO NA RUA DOM LARA, NO PER\u00cdODO DE 22 DE NOVEMBRO DE 2025 A 11 DE JANEIRO DE 2026.<\/strong><\/p>\n<p>&nbsp;<\/p>\n<p style=\"text-align: center;\"><strong><u>AVISO DE LICITA\u00c7\u00c3O<\/u><\/strong><\/p>\n<p style=\"text-align: justify;\">O munic\u00edpio de Coronel Xavier Chaves\/MG torna p\u00fablico o Processo Licitat\u00f3rio 124\/2025, Preg\u00e3o Presencial 51\/2025, para sele\u00e7\u00e3o da proposta mais vantajosa para a\u00a0<a name=\"m_-4708252204007171034__Hlk206664226\"><\/a><b>CONCESS\u00c3O DE PERMISS\u00c3O DE USO PREC\u00c1RIA E TEMPOR\u00c1RIA DE ESPA\u00c7OS P\u00daBLICOS PARA INSTALA\u00c7\u00c3O E FUNCIONAMENTO DE BARES, DESTINADOS \u00c0 COMERCIALIZA\u00c7\u00c3O DE G\u00caNEROS ALIMENT\u00cdCIOS E BEBIDAS DURANTE A REALIZA\u00c7\u00c3O DO EVENTO \u201cNATAL ENCANTADO\u201d DO MUNIC\u00cdPIO DE CORONEL XAVIER CHAVES\/MG, A SER REALIZADO NA RUA DOM LARA, NO PER\u00cdODO DE 22 DE NOVEMBRO DE 2025 A 11 DE JANEIRO DE 2026<\/b><b>,<\/b>\u00a0mediante o crit\u00e9rio de julgamento de<b>\u00a0MAIOR PRE\u00c7O\/LANCE<\/b>.\u00a0<u>Credenciamento e abertura<\/u>:<b>\u00a014\/11\/2025 \u00e0s 08h30min.<\/b>\u00a0O edital est\u00e1 dispon\u00edvel no Site\u00a0\u201c<a href=\"http:\/\/www.coronelxavierchaves.mg.gov.br\/\" target=\"_blank\" rel=\"noopener\" data-saferedirecturl=\"https:\/\/www.google.com\/url?q=http:\/\/www.coronelxavierchaves.mg.gov.br&amp;source=gmail&amp;ust=1761244922195000&amp;usg=AOvVaw2pn7468tz6WHq96Af24xNB\">www.coronelxavierchaves.<wbr \/>mg.gov.br<\/a>&#8220;, informa\u00e7\u00f5es\u00a0na prefeitura municipal \u00e0 Rua Padre Reis, 84, Centro Coronel Xavier Chaves, MG, no hor\u00e1rio das 08h00min \u00e0s 12h00min e das 13h00min \u00e0s 16h00min. Tel.\/WhatsApp (32) 3216-1053 (<i>Ramais 109 e 110<\/i>) \/ (32) 99199-6496.\u00a0 Coronel Xavier Chaves, 22 de outubro de 2025. Juliana Jaques Camargos &#8211; Pregoeira.<\/p>\n<p>&nbsp;<\/p>\n<div class=\"printshowonly\">\n<p>*<b>PUBLICA\u00c7\u00c3O<\/b><\/p>\n<ul>\n<li>Um destaque desta publica\u00e7\u00e3o foi gerado na p\u00e1gina inicial do site, dispon\u00edvel at\u00e9 que demais publica\u00e7\u00f5es sejam realizadas.<\/li>\n<li>Uma publica\u00e7\u00e3o permanente foi feita na p\u00e1gina de Editais e Licita\u00e7\u00f5es.<\/li>\n<\/ul>\n<\/div>\n","protected":false},"excerpt":{"rendered":"<p>DOWNLOADS EDITAL, publicado em 22\/10\/2025 \u00e0s 15:49h. ERRATA, publicado em 31\/10\/2025 \u00e0s 14:12h. EDITAL RETIFICADO, publicado em 31\/10\/2025 \u00e0s 14:13h. ERRATA 2, publicado em 31\/10\/2025 \u00e0s 16:51h. EDITAL RETIFICADO 2, publicado em 31\/10\/2025 \u00e0s 16:53h. CONTRATO: BRUNO, publicado em 04\/12\/2025 \u00e0s 08:59h. CONTRATO: ELIAS, publicado em 04\/12\/2025 \u00e0s 08:59h. CONTRATO: ESAU, publicado em 04\/12\/2025 \u00e0s [&hellip;]<\/p>\n","protected":false},"author":8,"featured_media":4366,"comment_status":"closed","ping_status":"closed","sticky":false,"template":"","format":"standard","meta":{"footnotes":"","_links_to":"","_links_to_target":""},"categories":[135],"tags":[],"class_list":{"0":"post-25409","1":"post","2":"type-post","3":"status-publish","4":"format-standard","5":"has-post-thumbnail","7":"category-editais-de-licitacao-2025"},"_links":{"self":[{"href":"https:\/\/coronelxavierchaves.mg.gov.br\/prefeitura\/wp-json\/wp\/v2\/posts\/25409","targetHints":{"allow":["GET"]}}],"collection":[{"href":"https:\/\/coronelxavierchaves.mg.gov.br\/prefeitura\/wp-json\/wp\/v2\/posts"}],"about":[{"href":"https:\/\/coronelxavierchaves.mg.gov.br\/prefeitura\/wp-json\/wp\/v2\/types\/post"}],"author":[{"embeddable":true,"href":"https:\/\/coronelxavierchaves.mg.gov.br\/prefeitura\/wp-json\/wp\/v2\/users\/8"}],"replies":[{"embeddable":true,"href":"https:\/\/coronelxavierchaves.mg.gov.br\/prefeitura\/wp-json\/wp\/v2\/comments?post=25409"}],"version-history":[{"count":6,"href":"https:\/\/coronelxavierchaves.mg.gov.br\/prefeitura\/wp-json\/wp\/v2\/posts\/25409\/revisions"}],"predecessor-version":[{"id":25758,"href":"https:\/\/coronelxavierchaves.mg.gov.br\/prefeitura\/wp-json\/wp\/v2\/posts\/25409\/revisions\/25758"}],"wp:featuredmedia":[{"embeddable":true,"href":"https:\/\/coronelxavierchaves.mg.gov.br\/prefeitura\/wp-json\/wp\/v2\/media\/4366"}],"wp:attachment":[{"href":"https:\/\/coronelxavierchaves.mg.gov.br\/prefeitura\/wp-json\/wp\/v2\/media?parent=25409"}],"wp:term":[{"taxonomy":"category","embeddable":true,"href":"https:\/\/coronelxavierchaves.mg.gov.br\/prefeitura\/wp-json\/wp\/v2\/categories?post=25409"},{"taxonomy":"post_tag","embeddable":true,"href":"https:\/\/coronelxavierchaves.mg.gov.br\/prefeitura\/wp-json\/wp\/v2\/tags?post=25409"}],"curies":[{"name":"wp","href":"https:\/\/api.w.org\/{rel}","templated":true}]}}