{"id":25413,"date":"2025-10-22T16:06:55","date_gmt":"2025-10-22T19:06:55","guid":{"rendered":"https:\/\/coronelxavierchaves.mg.gov.br\/prefeitura\/?p=25413"},"modified":"2025-11-14T15:33:37","modified_gmt":"2025-11-14T18:33:37","slug":"manifestacao-de-interesse-para-dispensa-eletronica-pa-123-2025-contratacao-de-empresa-para-prestacao-de-servicos-especializados-destinados-a-elaboracao-de-trabalhos-tecnicos-para-entrega-de-docume","status":"publish","type":"post","link":"https:\/\/coronelxavierchaves.mg.gov.br\/prefeitura\/2025\/10\/22\/manifestacao-de-interesse-para-dispensa-eletronica-pa-123-2025-contratacao-de-empresa-para-prestacao-de-servicos-especializados-destinados-a-elaboracao-de-trabalhos-tecnicos-para-entrega-de-docume\/","title":{"rendered":"Manifesta\u00e7\u00e3o de interesse para dispensa eletr\u00f4nica (PA 123\/2025) &#8211; Contrata\u00e7\u00e3o De Empresa Para Presta\u00e7\u00e3o De Servi\u00e7os Especializados Destinados \u00c0 Elabora\u00e7\u00e3o De Trabalhos T\u00e9cnicos Para Entrega De Documentos Ao Iepha\/MG, Referentes Ao ICMS Patrim\u00f4nio Cultural"},"content":{"rendered":"<blockquote>\n<p style=\"text-align: center;\">DOWNLOADS<\/p>\n<\/blockquote>\n<ul>\n<li style=\"list-style-type: none;\">\n<ul>\n<li style=\"list-style-type: none;\">\n<ul>\n<li><a href=\"https:\/\/coronelxavierchaves.mg.gov.br\/prefeitura\/wp-content\/uploads\/2025\/10\/10-AVISO-DE-DISPENSA-1.pdf\">AVISO DE DISPENSA<\/a>, publicado em 22\/10\/2025 \u00e0s 16:04h.<\/li>\n<li><a href=\"https:\/\/coronelxavierchaves.mg.gov.br\/prefeitura\/wp-content\/uploads\/2025\/11\/CONTRATO-RM-CULTURAL-123-2025.pdf\">CONTRATO<\/a>, publicado em 14\/11\/2025 \u00e0s 15:33h.<\/li>\n<\/ul>\n<\/li>\n<\/ul>\n<\/li>\n<\/ul>\n<p>&nbsp;<\/p>\n<blockquote>\n<p style=\"text-align: center;\">MANIFESTA\u00c7\u00c3O DE INTERESSE PARA DISPENSA ELETR\u00d4NICA<\/p>\n<\/blockquote>\n<p style=\"text-align: justify;\">Prefeitura Municipal de Coronel Xavier Chaves\/MG. Manifesta\u00e7\u00e3o de interesse para Dispensa Eletr\u00f4nica &#8211; Processo Administrativo \u2013 123\/2025, Dispensa Eletr\u00f4nica \u2013 43\/2025, do tipo\u00a0<u>Menor Pre\u00e7o por Item<strong>.<\/strong><\/u><strong>\u00a0Objeto:\u00a0CONTRATA\u00c7\u00c3O DE EMPRESA PARA PRESTA\u00c7\u00c3O DE SERVI\u00c7OS ESPECIALIZADOS DESTINADOS \u00c0 ELABORA\u00c7\u00c3O DE TRABALHOS T\u00c9CNICOS PARA ENTREGA DE DOCUMENTOS AO IEPHA\/MG, REFERENTES AO ICMS PATRIM\u00d4NIO CULTURAL.<\/strong>\u00a0Limite de acolhimento das propostas: dia 29\/10\/2025 \u00e0s 07h59min.\u00a0<strong>DISPUTA: 29\/10\/2025, das 08h30min \u00e0s 09h30min,<\/strong>\u00a0na Plataforma LICITAPP,\u00a0<a href=\"https:\/\/coronelxavierchaves.licitapp.com.br\/\">https:\/\/coronelxavierchaves.licitapp.com.br\/\/<\/a>.\u00a0O edital de Manifesta\u00e7\u00e3o de interesse para Dispensa Eletr\u00f4nica est\u00e1 dispon\u00edvel no site\u00a0\u201c<a href=\"http:\/\/www.coronelxavierchaves.mg.gov.br\/\">www.coronelxavierchaves.mg.gov.br<\/a>&#8220;, mais informa\u00e7\u00f5es\u00a0na prefeitura municipal \u00e0 Rua Padre Reis, 84, Centro, Coronel Xavier Chaves\/MG, no hor\u00e1rio de 08h00min \u00e0s 12h00min e de 13h00min \u00e0s 16h00min. Tel.:\u00a0<a href=\"tel:%2832%29%203357-1235\">(32) 3216-1053<\/a>\u00a0(<em>Ramais 109 e 110<\/em>)\/ (32) 9 9199-6496 (<em>Whatsapp<\/em>). Coronel Xavier Chaves, 22 de outubro de 2025. Juliana Jaques Camargos \u2013 Agente de Contrata\u00e7\u00e3o.<\/p>\n<p>&#8212;&#8211;<\/p>\n<div class=\"printshowonly\">\n<p>*<b>PUBLICA\u00c7\u00c3O<\/b><\/p>\n<ul>\n<li>Um destaque desta publica\u00e7\u00e3o foi gerado na p\u00e1gina inicial do site, dispon\u00edvel at\u00e9 que demais publica\u00e7\u00f5es sejam realizadas.<\/li>\n<li>Uma publica\u00e7\u00e3o permanente foi feita na p\u00e1gina de Editais e Licita\u00e7\u00f5es.<\/li>\n<li>Link para acesso: http:\/\/coronelxavierchaves.mg.gov.br\/prefeitura\/wp-json\/wp\/v2\/posts\/25413<\/li>\n<\/ul>\n<\/div>\n","protected":false},"excerpt":{"rendered":"<p>DOWNLOADS AVISO DE DISPENSA, publicado em 22\/10\/2025 \u00e0s 16:04h. CONTRATO, publicado em 14\/11\/2025 \u00e0s 15:33h. &nbsp; MANIFESTA\u00c7\u00c3O DE INTERESSE PARA DISPENSA ELETR\u00d4NICA Prefeitura Municipal de Coronel Xavier Chaves\/MG. Manifesta\u00e7\u00e3o de interesse para Dispensa Eletr\u00f4nica &#8211; Processo Administrativo \u2013 123\/2025, Dispensa Eletr\u00f4nica \u2013 43\/2025, do tipo\u00a0Menor Pre\u00e7o por Item.\u00a0Objeto:\u00a0CONTRATA\u00c7\u00c3O DE EMPRESA PARA PRESTA\u00c7\u00c3O DE SERVI\u00c7OS ESPECIALIZADOS [&hellip;]<\/p>\n","protected":false},"author":8,"featured_media":4366,"comment_status":"closed","ping_status":"closed","sticky":false,"template":"","format":"standard","meta":{"footnotes":"","_links_to":"","_links_to_target":""},"categories":[135],"tags":[],"class_list":{"0":"post-25413","1":"post","2":"type-post","3":"status-publish","4":"format-standard","5":"has-post-thumbnail","7":"category-editais-de-licitacao-2025"},"_links":{"self":[{"href":"https:\/\/coronelxavierchaves.mg.gov.br\/prefeitura\/wp-json\/wp\/v2\/posts\/25413","targetHints":{"allow":["GET"]}}],"collection":[{"href":"https:\/\/coronelxavierchaves.mg.gov.br\/prefeitura\/wp-json\/wp\/v2\/posts"}],"about":[{"href":"https:\/\/coronelxavierchaves.mg.gov.br\/prefeitura\/wp-json\/wp\/v2\/types\/post"}],"author":[{"embeddable":true,"href":"https:\/\/coronelxavierchaves.mg.gov.br\/prefeitura\/wp-json\/wp\/v2\/users\/8"}],"replies":[{"embeddable":true,"href":"https:\/\/coronelxavierchaves.mg.gov.br\/prefeitura\/wp-json\/wp\/v2\/comments?post=25413"}],"version-history":[{"count":4,"href":"https:\/\/coronelxavierchaves.mg.gov.br\/prefeitura\/wp-json\/wp\/v2\/posts\/25413\/revisions"}],"predecessor-version":[{"id":25594,"href":"https:\/\/coronelxavierchaves.mg.gov.br\/prefeitura\/wp-json\/wp\/v2\/posts\/25413\/revisions\/25594"}],"wp:featuredmedia":[{"embeddable":true,"href":"https:\/\/coronelxavierchaves.mg.gov.br\/prefeitura\/wp-json\/wp\/v2\/media\/4366"}],"wp:attachment":[{"href":"https:\/\/coronelxavierchaves.mg.gov.br\/prefeitura\/wp-json\/wp\/v2\/media?parent=25413"}],"wp:term":[{"taxonomy":"category","embeddable":true,"href":"https:\/\/coronelxavierchaves.mg.gov.br\/prefeitura\/wp-json\/wp\/v2\/categories?post=25413"},{"taxonomy":"post_tag","embeddable":true,"href":"https:\/\/coronelxavierchaves.mg.gov.br\/prefeitura\/wp-json\/wp\/v2\/tags?post=25413"}],"curies":[{"name":"wp","href":"https:\/\/api.w.org\/{rel}","templated":true}]}}