{"id":25440,"date":"2025-10-28T10:57:23","date_gmt":"2025-10-28T13:57:23","guid":{"rendered":"https:\/\/coronelxavierchaves.mg.gov.br\/prefeitura\/?p=25440"},"modified":"2025-11-03T11:32:29","modified_gmt":"2025-11-03T14:32:29","slug":"1o-termo-aditivo-a-ata-de-registro-de-preco-pl-122-2024-contratacao-de-empresa-jornalistica-para-futura-e-eventual-prestacao-de-servicos-de-publicacoes-dos-atos-oficiais-e-materias-legais-no-diari","status":"publish","type":"post","link":"https:\/\/coronelxavierchaves.mg.gov.br\/prefeitura\/2025\/10\/28\/1o-termo-aditivo-a-ata-de-registro-de-preco-pl-122-2024-contratacao-de-empresa-jornalistica-para-futura-e-eventual-prestacao-de-servicos-de-publicacoes-dos-atos-oficiais-e-materias-legais-no-diari\/","title":{"rendered":"1\u00ba Termo Aditivo \u00e0 Ata de Registro de Pre\u00e7o (PL 122\/2024) &#8211; Contrata\u00e7\u00e3o De Empresa Jornal\u00edstica Para Futura E Eventual Presta\u00e7\u00e3o De Servi\u00e7os De Publica\u00e7\u00f5es Dos Atos Oficiais E Mat\u00e9rias Legais No Di\u00e1rio Oficial Da Uni\u00e3o (Dou), Di\u00e1rio Oficial Do Estado De Minas Gerais E, Tamb\u00e9m, Em Jornal Di\u00e1rio De Grande Circula\u00e7\u00e3o Em N\u00edvel Estadual"},"content":{"rendered":"<blockquote><p>DOWNLOADS<\/p><\/blockquote>\n<ul>\n<li><a href=\"https:\/\/coronelxavierchaves.mg.gov.br\/prefeitura\/wp-content\/uploads\/2025\/10\/1o-TA-ARP-CENTERMIDIA-publicar.pdf\">1\u00ba TERMO ADITIVO \u00c0 ATA DE REGISTRO DE PRE\u00c7OS<\/a>, publicado em 28\/10\/2025 \u00e0s 10:50h.<\/li>\n<\/ul>\n<blockquote><p>OBJETO<\/p><\/blockquote>\n<div style=\"text-align: justify;\">\n<div style=\"text-align: justify;\">\n<p><strong>CONTRATA\u00c7\u00c3O DE EMPRESA JORNAL\u00cdSTICA PARA FUTURA E EVENTUAL PRESTA\u00c7\u00c3O DE SERVI\u00c7OS DE PUBLICA\u00c7\u00d5ES DOS ATOS OFICIAIS E MAT\u00c9RIAS LEGAIS NO DI\u00c1RIO OFICIAL DA UNI\u00c3O (DOU), DI\u00c1RIO OFICIAL DO ESTADO DE MINAS GERAIS E, TAMB\u00c9M, EM JORNAL DI\u00c1RIO DE GRANDE CIRCULA\u00c7\u00c3O EM N\u00cdVEL ESTADUAL.<\/strong><\/p>\n<p>&nbsp;<\/p>\n<\/div>\n<\/div>\n<div class=\"printshowonly\">\n<p>*<b>PUBLICA\u00c7\u00c3O<\/b><\/p>\n<ul>\n<li>Um destaque desta publica\u00e7\u00e3o foi gerado na p\u00e1gina inicial do site, dispon\u00edvel at\u00e9 que demais publica\u00e7\u00f5es sejam realizadas.<\/li>\n<li>Uma publica\u00e7\u00e3o permanente foi feita na p\u00e1gina de Editais e Licita\u00e7\u00f5es.<\/li>\n<li>Link para acesso:http:\/\/coronelxavierchaves.mg.gov.br\/prefeitura\/wp-json\/wp\/v2\/posts\/25440<\/li>\n<\/ul>\n<\/div>\n","protected":false},"excerpt":{"rendered":"<p>DOWNLOADS 1\u00ba TERMO ADITIVO \u00c0 ATA DE REGISTRO DE PRE\u00c7OS, publicado em 28\/10\/2025 \u00e0s 10:50h. OBJETO CONTRATA\u00c7\u00c3O DE EMPRESA JORNAL\u00cdSTICA PARA FUTURA E EVENTUAL PRESTA\u00c7\u00c3O DE SERVI\u00c7OS DE PUBLICA\u00c7\u00d5ES DOS ATOS OFICIAIS E MAT\u00c9RIAS LEGAIS NO DI\u00c1RIO OFICIAL DA UNI\u00c3O (DOU), DI\u00c1RIO OFICIAL DO ESTADO DE MINAS GERAIS E, TAMB\u00c9M, EM JORNAL DI\u00c1RIO DE GRANDE [&hellip;]<\/p>\n","protected":false},"author":8,"featured_media":4367,"comment_status":"closed","ping_status":"closed","sticky":false,"template":"","format":"standard","meta":{"footnotes":"","_links_to":"","_links_to_target":""},"categories":[139],"tags":[],"class_list":{"0":"post-25440","1":"post","2":"type-post","3":"status-publish","4":"format-standard","5":"has-post-thumbnail","7":"category-contratos-aditivos-atas-e-outros-2025"},"_links":{"self":[{"href":"https:\/\/coronelxavierchaves.mg.gov.br\/prefeitura\/wp-json\/wp\/v2\/posts\/25440","targetHints":{"allow":["GET"]}}],"collection":[{"href":"https:\/\/coronelxavierchaves.mg.gov.br\/prefeitura\/wp-json\/wp\/v2\/posts"}],"about":[{"href":"https:\/\/coronelxavierchaves.mg.gov.br\/prefeitura\/wp-json\/wp\/v2\/types\/post"}],"author":[{"embeddable":true,"href":"https:\/\/coronelxavierchaves.mg.gov.br\/prefeitura\/wp-json\/wp\/v2\/users\/8"}],"replies":[{"embeddable":true,"href":"https:\/\/coronelxavierchaves.mg.gov.br\/prefeitura\/wp-json\/wp\/v2\/comments?post=25440"}],"version-history":[{"count":2,"href":"https:\/\/coronelxavierchaves.mg.gov.br\/prefeitura\/wp-json\/wp\/v2\/posts\/25440\/revisions"}],"predecessor-version":[{"id":25523,"href":"https:\/\/coronelxavierchaves.mg.gov.br\/prefeitura\/wp-json\/wp\/v2\/posts\/25440\/revisions\/25523"}],"wp:featuredmedia":[{"embeddable":true,"href":"https:\/\/coronelxavierchaves.mg.gov.br\/prefeitura\/wp-json\/wp\/v2\/media\/4367"}],"wp:attachment":[{"href":"https:\/\/coronelxavierchaves.mg.gov.br\/prefeitura\/wp-json\/wp\/v2\/media?parent=25440"}],"wp:term":[{"taxonomy":"category","embeddable":true,"href":"https:\/\/coronelxavierchaves.mg.gov.br\/prefeitura\/wp-json\/wp\/v2\/categories?post=25440"},{"taxonomy":"post_tag","embeddable":true,"href":"https:\/\/coronelxavierchaves.mg.gov.br\/prefeitura\/wp-json\/wp\/v2\/tags?post=25440"}],"curies":[{"name":"wp","href":"https:\/\/api.w.org\/{rel}","templated":true}]}}