{"id":25448,"date":"2025-10-28T11:09:45","date_gmt":"2025-10-28T14:09:45","guid":{"rendered":"https:\/\/coronelxavierchaves.mg.gov.br\/prefeitura\/?p=25448"},"modified":"2025-10-28T11:09:45","modified_gmt":"2025-10-28T14:09:45","slug":"contrato-pl-122-2025-adesao-a-ata-de-registro-de-precos-para-aquisicao-de-materiais-para-enfeites-e-decoracao-natalina-dos-espacos-publicos-do-municipio-de-coronel-xavier-chaves","status":"publish","type":"post","link":"https:\/\/coronelxavierchaves.mg.gov.br\/prefeitura\/2025\/10\/28\/contrato-pl-122-2025-adesao-a-ata-de-registro-de-precos-para-aquisicao-de-materiais-para-enfeites-e-decoracao-natalina-dos-espacos-publicos-do-municipio-de-coronel-xavier-chaves\/","title":{"rendered":"Contrato (PL 122\/2025) &#8211; Ades\u00e3o \u00c0 Ata De Registro De Pre\u00e7os Para Aquisi\u00e7\u00e3o De Materiais Para Enfeites E Decora\u00e7\u00e3o Natalina Dos Espa\u00e7os P\u00fablicos Do Munic\u00edpio De Coronel Xavier Chaves&#8230;-"},"content":{"rendered":"<blockquote><p>DOWNLOADS<\/p><\/blockquote>\n<ul>\n<li><a href=\"https:\/\/coronelxavierchaves.mg.gov.br\/prefeitura\/wp-content\/uploads\/2025\/10\/15-CONTRATO-publicar.pdf\">CONTRATO<\/a>, publicado em 28\/10\/2025 \u00e0s 11:07h.<\/li>\n<\/ul>\n<blockquote><p>OBJETO<\/p><\/blockquote>\n<div style=\"text-align: justify;\">\n<div style=\"text-align: justify;\">\n<div style=\"text-align: justify;\">\n<div>\n<p><strong>ADES\u00c3O \u00c0 ATA DE REGISTRO DE PRE\u00c7OS PARA AQUISI\u00c7\u00c3O DE MATERIAIS PARA ENFEITES E DECORA\u00c7\u00c3O NATALINA DOS ESPA\u00c7OS P\u00daBLICOS DO MUNIC\u00cdPIO DE CORONEL XAVIER CHAVES, REFERENTE AO EXERC\u00cdCIO DE 2025.<\/strong><\/p>\n<p><b> <\/b><\/div>\n<div>\n<p>&nbsp;<\/p>\n<div class=\"printshowonly\">\n<p>*<b>PUBLICA\u00c7\u00c3O<\/b><\/p>\n<ul>\n<li>Um destaque desta publica\u00e7\u00e3o foi gerado na p\u00e1gina inicial do site, dispon\u00edvel at\u00e9 que demais publica\u00e7\u00f5es sejam realizadas.<\/li>\n<li>Uma publica\u00e7\u00e3o permanente foi feita na p\u00e1gina de Editais e Licita\u00e7\u00f5es.<\/li>\n<li>Link para acesso:\u00a0http:\/\/coronelxavierchaves.mg.gov.br\/prefeitura\/wp-json\/wp\/v2\/posts\/25448<\/li>\n<\/ul>\n<\/div>\n<\/div>\n<\/div>\n<div><\/div>\n<\/div>\n<\/div>\n","protected":false},"excerpt":{"rendered":"<p>DOWNLOADS CONTRATO, publicado em 28\/10\/2025 \u00e0s 11:07h. OBJETO ADES\u00c3O \u00c0 ATA DE REGISTRO DE PRE\u00c7OS PARA AQUISI\u00c7\u00c3O DE MATERIAIS PARA ENFEITES E DECORA\u00c7\u00c3O NATALINA DOS ESPA\u00c7OS P\u00daBLICOS DO MUNIC\u00cdPIO DE CORONEL XAVIER CHAVES, REFERENTE AO EXERC\u00cdCIO DE 2025. &nbsp; *PUBLICA\u00c7\u00c3O Um destaque desta publica\u00e7\u00e3o foi gerado na p\u00e1gina inicial do site, dispon\u00edvel at\u00e9 que demais [&hellip;]<\/p>\n","protected":false},"author":8,"featured_media":4367,"comment_status":"closed","ping_status":"closed","sticky":false,"template":"","format":"standard","meta":{"footnotes":"","_links_to":"","_links_to_target":""},"categories":[139],"tags":[],"class_list":{"0":"post-25448","1":"post","2":"type-post","3":"status-publish","4":"format-standard","5":"has-post-thumbnail","7":"category-contratos-aditivos-atas-e-outros-2025"},"_links":{"self":[{"href":"https:\/\/coronelxavierchaves.mg.gov.br\/prefeitura\/wp-json\/wp\/v2\/posts\/25448","targetHints":{"allow":["GET"]}}],"collection":[{"href":"https:\/\/coronelxavierchaves.mg.gov.br\/prefeitura\/wp-json\/wp\/v2\/posts"}],"about":[{"href":"https:\/\/coronelxavierchaves.mg.gov.br\/prefeitura\/wp-json\/wp\/v2\/types\/post"}],"author":[{"embeddable":true,"href":"https:\/\/coronelxavierchaves.mg.gov.br\/prefeitura\/wp-json\/wp\/v2\/users\/8"}],"replies":[{"embeddable":true,"href":"https:\/\/coronelxavierchaves.mg.gov.br\/prefeitura\/wp-json\/wp\/v2\/comments?post=25448"}],"version-history":[{"count":1,"href":"https:\/\/coronelxavierchaves.mg.gov.br\/prefeitura\/wp-json\/wp\/v2\/posts\/25448\/revisions"}],"predecessor-version":[{"id":25450,"href":"https:\/\/coronelxavierchaves.mg.gov.br\/prefeitura\/wp-json\/wp\/v2\/posts\/25448\/revisions\/25450"}],"wp:featuredmedia":[{"embeddable":true,"href":"https:\/\/coronelxavierchaves.mg.gov.br\/prefeitura\/wp-json\/wp\/v2\/media\/4367"}],"wp:attachment":[{"href":"https:\/\/coronelxavierchaves.mg.gov.br\/prefeitura\/wp-json\/wp\/v2\/media?parent=25448"}],"wp:term":[{"taxonomy":"category","embeddable":true,"href":"https:\/\/coronelxavierchaves.mg.gov.br\/prefeitura\/wp-json\/wp\/v2\/categories?post=25448"},{"taxonomy":"post_tag","embeddable":true,"href":"https:\/\/coronelxavierchaves.mg.gov.br\/prefeitura\/wp-json\/wp\/v2\/tags?post=25448"}],"curies":[{"name":"wp","href":"https:\/\/api.w.org\/{rel}","templated":true}]}}