{"id":25456,"date":"2025-10-28T11:26:18","date_gmt":"2025-10-28T14:26:18","guid":{"rendered":"https:\/\/coronelxavierchaves.mg.gov.br\/prefeitura\/?p=25456"},"modified":"2025-10-28T11:26:18","modified_gmt":"2025-10-28T14:26:18","slug":"contrato-direto-contratacao-de-empresa-especializada-para-fornecimento-de-grama-esmeralda-para-aplicacao-nas-areas-do-cemiterio-municipal-sao-jose","status":"publish","type":"post","link":"https:\/\/coronelxavierchaves.mg.gov.br\/prefeitura\/2025\/10\/28\/contrato-direto-contratacao-de-empresa-especializada-para-fornecimento-de-grama-esmeralda-para-aplicacao-nas-areas-do-cemiterio-municipal-sao-jose\/","title":{"rendered":"Contrato Direto: Contrata\u00e7\u00e3o De Empresa Especializada Para Fornecimento De Grama Esmeralda Para Aplica\u00e7\u00e3o Nas \u00c1reas Do Cemit\u00e9rio Municipal \u201cS\u00e3o Jos\u00e9\u201d&#8230;"},"content":{"rendered":"<blockquote><p>DOWNLOADS<\/p><\/blockquote>\n<ul>\n<li><a href=\"https:\/\/coronelxavierchaves.mg.gov.br\/prefeitura\/wp-content\/uploads\/2025\/10\/03-CONTRATO-publicar.pdf\">CONTRATO<\/a>, publicado em 28\/10\/2025 \u00e0s 11:25h.<\/li>\n<\/ul>\n<blockquote><p>OBJETO<\/p><\/blockquote>\n<div style=\"text-align: justify;\">\n<div style=\"text-align: justify;\">\n<div style=\"text-align: justify;\">\n<p><strong>CONTRATA\u00c7\u00c3O DE EMPRESA ESPECIALIZADA PARA FORNECIMENTO DE GRAMA ESMERALDA PARA APLICA\u00c7\u00c3O NAS \u00c1REAS DO CEMIT\u00c9RIO MUNICIPAL \u201cS\u00c3O JOS\u00c9\u201d, COM O OBJETIVO DE PROMOVER A MELHORIA PAISAG\u00cdSTICA E A CONSERVA\u00c7\u00c3O DO ESPA\u00c7O P\u00daBLICO, EM ATENDIMENTO \u00c0S NECESSIDADES DA SECRETARIA MUNICIPAL DE OBRAS E URBANISMO,\u00a0NAS CONDI\u00c7\u00d5ES DEFINIDAS NO ATO CONVOCAT\u00d3RIO, SEUS ANEXOS E PROPOSTAS DE PRE\u00c7OS REFERENTE AO\u00a0PROCESSO LICITAT\u00d3RIO N\u00ba 20\/2025, PREG\u00c3O ELETR\u00d4NICO N\u00ba 01\/2025 REALIZADO PELO CIGEDAS.<\/strong><\/p>\n<\/div>\n<\/div>\n<\/div>\n","protected":false},"excerpt":{"rendered":"<p>DOWNLOADS CONTRATO, publicado em 28\/10\/2025 \u00e0s 11:25h. OBJETO CONTRATA\u00c7\u00c3O DE EMPRESA ESPECIALIZADA PARA FORNECIMENTO DE GRAMA ESMERALDA PARA APLICA\u00c7\u00c3O NAS \u00c1REAS DO CEMIT\u00c9RIO MUNICIPAL \u201cS\u00c3O JOS\u00c9\u201d, COM O OBJETIVO DE PROMOVER A MELHORIA PAISAG\u00cdSTICA E A CONSERVA\u00c7\u00c3O DO ESPA\u00c7O P\u00daBLICO, EM ATENDIMENTO \u00c0S NECESSIDADES DA SECRETARIA MUNICIPAL DE OBRAS E URBANISMO,\u00a0NAS CONDI\u00c7\u00d5ES DEFINIDAS NO ATO [&hellip;]<\/p>\n","protected":false},"author":8,"featured_media":4367,"comment_status":"closed","ping_status":"closed","sticky":false,"template":"","format":"standard","meta":{"footnotes":"","_links_to":"","_links_to_target":""},"categories":[139],"tags":[],"class_list":{"0":"post-25456","1":"post","2":"type-post","3":"status-publish","4":"format-standard","5":"has-post-thumbnail","7":"category-contratos-aditivos-atas-e-outros-2025"},"_links":{"self":[{"href":"https:\/\/coronelxavierchaves.mg.gov.br\/prefeitura\/wp-json\/wp\/v2\/posts\/25456","targetHints":{"allow":["GET"]}}],"collection":[{"href":"https:\/\/coronelxavierchaves.mg.gov.br\/prefeitura\/wp-json\/wp\/v2\/posts"}],"about":[{"href":"https:\/\/coronelxavierchaves.mg.gov.br\/prefeitura\/wp-json\/wp\/v2\/types\/post"}],"author":[{"embeddable":true,"href":"https:\/\/coronelxavierchaves.mg.gov.br\/prefeitura\/wp-json\/wp\/v2\/users\/8"}],"replies":[{"embeddable":true,"href":"https:\/\/coronelxavierchaves.mg.gov.br\/prefeitura\/wp-json\/wp\/v2\/comments?post=25456"}],"version-history":[{"count":1,"href":"https:\/\/coronelxavierchaves.mg.gov.br\/prefeitura\/wp-json\/wp\/v2\/posts\/25456\/revisions"}],"predecessor-version":[{"id":25458,"href":"https:\/\/coronelxavierchaves.mg.gov.br\/prefeitura\/wp-json\/wp\/v2\/posts\/25456\/revisions\/25458"}],"wp:featuredmedia":[{"embeddable":true,"href":"https:\/\/coronelxavierchaves.mg.gov.br\/prefeitura\/wp-json\/wp\/v2\/media\/4367"}],"wp:attachment":[{"href":"https:\/\/coronelxavierchaves.mg.gov.br\/prefeitura\/wp-json\/wp\/v2\/media?parent=25456"}],"wp:term":[{"taxonomy":"category","embeddable":true,"href":"https:\/\/coronelxavierchaves.mg.gov.br\/prefeitura\/wp-json\/wp\/v2\/categories?post=25456"},{"taxonomy":"post_tag","embeddable":true,"href":"https:\/\/coronelxavierchaves.mg.gov.br\/prefeitura\/wp-json\/wp\/v2\/tags?post=25456"}],"curies":[{"name":"wp","href":"https:\/\/api.w.org\/{rel}","templated":true}]}}