{"id":25471,"date":"2025-10-28T11:50:30","date_gmt":"2025-10-28T14:50:30","guid":{"rendered":"https:\/\/coronelxavierchaves.mg.gov.br\/prefeitura\/?p=25471"},"modified":"2025-10-28T11:50:30","modified_gmt":"2025-10-28T14:50:30","slug":"1o-termo-aditivo-a-ata-de-registro-de-preco-pl-124-2024-registro-de-precos-para-aquisicao-de-reservatorios-metalicos-tipo-taca-para-atendimento-a-futura-e-eventual-demanda-da-secretaria-municipa","status":"publish","type":"post","link":"https:\/\/coronelxavierchaves.mg.gov.br\/prefeitura\/2025\/10\/28\/1o-termo-aditivo-a-ata-de-registro-de-preco-pl-124-2024-registro-de-precos-para-aquisicao-de-reservatorios-metalicos-tipo-taca-para-atendimento-a-futura-e-eventual-demanda-da-secretaria-municipa\/","title":{"rendered":"1\u00ba Termo Aditivo \u00e0 Ata de Registro de Pre\u00e7o (PL 124\/2024) &#8211; Registro De Pre\u00e7os Para Aquisi\u00e7\u00e3o De Reservat\u00f3rios Met\u00e1licos, Tipo Ta\u00e7a, Para Atendimento \u00c0 Futura E Eventual Demanda Da Secretaria Municipal De Obras&#8230;"},"content":{"rendered":"<blockquote><p>DOWNLOADS<\/p><\/blockquote>\n<ul>\n<li><a href=\"https:\/\/coronelxavierchaves.mg.gov.br\/prefeitura\/wp-content\/uploads\/2025\/10\/1o-TA-ARP-RESERVATORIO.pdf\">1\u00ba TERMO ADITIVO \u00c0 ATA DE REGISTRO DE PRE\u00c7OS<\/a>, publicado em 28\/10\/2025 \u00e0s 11:49h.<\/li>\n<\/ul>\n<blockquote><p>OBJETO<\/p><\/blockquote>\n<div style=\"text-align: justify;\">\n<div style=\"text-align: justify;\">\n<p><strong><u>REGISTRO DE PRE\u00c7OS PARA AQUISI\u00c7\u00c3O DE RESERVAT\u00d3RIOS MET\u00c1LICOS, TIPO TA\u00c7A, PARA ATENDIMENTO \u00c0 FUTURA E EVENTUAL DEMANDA DA SECRETARIA MUNICIPAL DE OBRAS E URBANISMO DE CORONEL XAVIER CHAVES\/MG.<\/u><\/strong><\/p>\n<p>&nbsp;<\/p>\n<\/div>\n<\/div>\n<div class=\"printshowonly\">\n<p>*<b>PUBLICA\u00c7\u00c3O<\/b><\/p>\n<ul>\n<li>Um destaque desta publica\u00e7\u00e3o foi gerado na p\u00e1gina inicial do site, dispon\u00edvel at\u00e9 que demais publica\u00e7\u00f5es sejam realizadas.<\/li>\n<li>Uma publica\u00e7\u00e3o permanente foi feita na p\u00e1gina de Editais e Licita\u00e7\u00f5es.<\/li>\n<li>Link para acesso:http:\/\/coronelxavierchaves.mg.gov.br\/prefeitura\/wp-json\/wp\/v2\/posts\/25471<\/li>\n<\/ul>\n<\/div>\n","protected":false},"excerpt":{"rendered":"<p>DOWNLOADS 1\u00ba TERMO ADITIVO \u00c0 ATA DE REGISTRO DE PRE\u00c7OS, publicado em 28\/10\/2025 \u00e0s 11:49h. OBJETO REGISTRO DE PRE\u00c7OS PARA AQUISI\u00c7\u00c3O DE RESERVAT\u00d3RIOS MET\u00c1LICOS, TIPO TA\u00c7A, PARA ATENDIMENTO \u00c0 FUTURA E EVENTUAL DEMANDA DA SECRETARIA MUNICIPAL DE OBRAS E URBANISMO DE CORONEL XAVIER CHAVES\/MG. &nbsp; *PUBLICA\u00c7\u00c3O Um destaque desta publica\u00e7\u00e3o foi gerado na p\u00e1gina inicial [&hellip;]<\/p>\n","protected":false},"author":8,"featured_media":4367,"comment_status":"closed","ping_status":"closed","sticky":false,"template":"","format":"standard","meta":{"footnotes":"","_links_to":"","_links_to_target":""},"categories":[139],"tags":[],"class_list":{"0":"post-25471","1":"post","2":"type-post","3":"status-publish","4":"format-standard","5":"has-post-thumbnail","7":"category-contratos-aditivos-atas-e-outros-2025"},"_links":{"self":[{"href":"https:\/\/coronelxavierchaves.mg.gov.br\/prefeitura\/wp-json\/wp\/v2\/posts\/25471","targetHints":{"allow":["GET"]}}],"collection":[{"href":"https:\/\/coronelxavierchaves.mg.gov.br\/prefeitura\/wp-json\/wp\/v2\/posts"}],"about":[{"href":"https:\/\/coronelxavierchaves.mg.gov.br\/prefeitura\/wp-json\/wp\/v2\/types\/post"}],"author":[{"embeddable":true,"href":"https:\/\/coronelxavierchaves.mg.gov.br\/prefeitura\/wp-json\/wp\/v2\/users\/8"}],"replies":[{"embeddable":true,"href":"https:\/\/coronelxavierchaves.mg.gov.br\/prefeitura\/wp-json\/wp\/v2\/comments?post=25471"}],"version-history":[{"count":1,"href":"https:\/\/coronelxavierchaves.mg.gov.br\/prefeitura\/wp-json\/wp\/v2\/posts\/25471\/revisions"}],"predecessor-version":[{"id":25473,"href":"https:\/\/coronelxavierchaves.mg.gov.br\/prefeitura\/wp-json\/wp\/v2\/posts\/25471\/revisions\/25473"}],"wp:featuredmedia":[{"embeddable":true,"href":"https:\/\/coronelxavierchaves.mg.gov.br\/prefeitura\/wp-json\/wp\/v2\/media\/4367"}],"wp:attachment":[{"href":"https:\/\/coronelxavierchaves.mg.gov.br\/prefeitura\/wp-json\/wp\/v2\/media?parent=25471"}],"wp:term":[{"taxonomy":"category","embeddable":true,"href":"https:\/\/coronelxavierchaves.mg.gov.br\/prefeitura\/wp-json\/wp\/v2\/categories?post=25471"},{"taxonomy":"post_tag","embeddable":true,"href":"https:\/\/coronelxavierchaves.mg.gov.br\/prefeitura\/wp-json\/wp\/v2\/tags?post=25471"}],"curies":[{"name":"wp","href":"https:\/\/api.w.org\/{rel}","templated":true}]}}