{"id":25482,"date":"2025-10-31T09:44:53","date_gmt":"2025-10-31T12:44:53","guid":{"rendered":"https:\/\/coronelxavierchaves.mg.gov.br\/prefeitura\/?p=25482"},"modified":"2025-12-04T08:40:17","modified_gmt":"2025-12-04T11:40:17","slug":"aviso-de-licitacao-pl-126-2025-registro-de-precos-de-aquisicao-de-generos-alimenticios-diversos-destinados-a-oferta-de-lanches-durante-reunioes-visitas-tecnicas-capacitacoes-encontros-instituci","status":"publish","type":"post","link":"https:\/\/coronelxavierchaves.mg.gov.br\/prefeitura\/2025\/10\/31\/aviso-de-licitacao-pl-126-2025-registro-de-precos-de-aquisicao-de-generos-alimenticios-diversos-destinados-a-oferta-de-lanches-durante-reunioes-visitas-tecnicas-capacitacoes-encontros-instituci\/","title":{"rendered":"Aviso de Licita\u00e7\u00e3o (PL 126\/2025) &#8211; Registro de pre\u00e7os de aquisi\u00e7\u00e3o de g\u00eaneros aliment\u00edcios diversos destinados \u00e0 oferta de lanches durante reuni\u00f5es, visitas t\u00e9cnicas, capacita\u00e7\u00f5es, encontros institucionais, recep\u00e7\u00f5es, datas comemorativas e demais atividades oficiais&#8230;"},"content":{"rendered":"<blockquote>\n<p style=\"text-align: center;\">DOWNLOADS<\/p>\n<\/blockquote>\n<ul>\n<li style=\"list-style-type: none;\">\n<ul>\n<li><a href=\"https:\/\/coronelxavierchaves.mg.gov.br\/prefeitura\/wp-content\/uploads\/2025\/10\/11-EDITAL-1.pdf\">EDITAL<\/a>, publicado em 31\/10\/2025 \u00e0s 09:46h.<\/li>\n<li><a href=\"https:\/\/coronelxavierchaves.mg.gov.br\/prefeitura\/wp-content\/uploads\/2025\/12\/BRUNO-126-2025.pdf\">ATA DE REGISTRO DE PRE\u00c7OS: BRUNO<\/a>, publicado em 04\/12\/2025 \u00e0s 08:40h.<\/li>\n<li><a href=\"https:\/\/coronelxavierchaves.mg.gov.br\/prefeitura\/wp-content\/uploads\/2025\/12\/CAMARGOS-126-2025.pdf\">ATA DE REGISTRO DE PRE\u00c7OS: CAMARGOS<\/a>, publicado em 04\/12\/2025 \u00e0s 08:40h.<\/li>\n<li><a href=\"https:\/\/coronelxavierchaves.mg.gov.br\/prefeitura\/wp-content\/uploads\/2025\/12\/CONFIANCA-126-2025.pdf\">ATA DE REGISTRO DE PRE\u00c7OS: CONFIAN\u00c7A<\/a>, publicado em 04\/12\/2025 \u00e0s 08:40h.<\/li>\n<li><a href=\"https:\/\/coronelxavierchaves.mg.gov.br\/prefeitura\/wp-content\/uploads\/2025\/12\/GENESIS-126-2025.pdf\">ATA DE REGISTRO DE PRE\u00c7OS: GENESIS<\/a>, publicado em 04\/12\/2025 \u00e0s 08:40h.<\/li>\n<li><a href=\"https:\/\/coronelxavierchaves.mg.gov.br\/prefeitura\/wp-content\/uploads\/2025\/12\/RAUL-126-2025.pdf\">ATA DE REGISTRO DE PRE\u00c7OS: RAUL<\/a>, publicado em 04\/12\/2025 \u00e0s 08:40h.<\/li>\n<\/ul>\n<\/li>\n<\/ul>\n<p>&nbsp;<\/p>\n<p style=\"text-align: center;\"><strong><u>AVISO DE LICITA\u00c7\u00c3O<\/u><\/strong><\/p>\n<p style=\"text-align: justify;\">Prefeitura Municipal de Coronel Xavier Chaves\/MG. Aviso de Licita\u00e7\u00e3o &#8211; Processo Licitat\u00f3rio \u2013 126\/2025, Preg\u00e3o Eletr\u00f4nico \u2013 52\/2025, do tipo\u00a0<u>Menor Pre\u00e7o por Item.<\/u>\u00a0Objeto:\u00a0Registro de pre\u00e7os de aquisi\u00e7\u00e3o de g\u00eaneros aliment\u00edcios diversos destinados \u00e0 oferta de lanches durante reuni\u00f5es, visitas t\u00e9cnicas, capacita\u00e7\u00f5es, encontros institucionais, recep\u00e7\u00f5es, datas comemorativas e demais atividades oficiais promovidas pela c\u00e2mara municipal e pela prefeitura municipal de Coronel Xavier Chaves, conforme as necessidades das secretarias e demais setores da administra\u00e7\u00e3o municipal.\u00a0Limite de acolhimento das propostas: dia 13\/11\/2025 \u00e0s 07h59min.\u00a0<strong>DISPUTA: 13\/11\/2025, \u00e0s 08h30min, na Plataforma LICITAPP<\/strong>,\u00a0<a href=\"https:\/\/coronelxavierchaves.licitapp.com.br\/\">https:\/\/coronelxavierchaves.licitapp.com.br\/\/<\/a>.\u00a0O edital est\u00e1 dispon\u00edvel no site\u00a0\u201c<a href=\"http:\/\/www.coronelxavierchaves.mg.gov.br\/\">www.coronelxavierchaves.mg.gov.br<\/a>&#8220;, mais informa\u00e7\u00f5es\u00a0na prefeitura municipal \u00e0 Rua Padre Reis, 84, Centro, Coronel Xavier Chaves\/MG, no hor\u00e1rio de 08h00min \u00e0s 12h00min e de 13h00min \u00e0s 16h00min. Tel.:\u00a0<a href=\"tel:%2832%29%203357-1235\">(32) 3216-1053<\/a>\/ (32) 9 9199-6496 (<em>Whatsapp<\/em>). Coronel Xavier Chaves, 31 de outubro de 2025. Juliana Jaques Camargos \u2013 Pregoeira.<\/p>\n<p>&nbsp;<\/p>\n<div class=\"printshowonly\">\n<p>*<b>PUBLICA\u00c7\u00c3O<\/b><\/p>\n<ul>\n<li>Um destaque desta publica\u00e7\u00e3o foi gerado na p\u00e1gina inicial do site, dispon\u00edvel at\u00e9 que demais publica\u00e7\u00f5es sejam realizadas.<\/li>\n<li>Uma publica\u00e7\u00e3o permanente foi feita na p\u00e1gina de Editais e Licita\u00e7\u00f5es.<\/li>\n<\/ul>\n<\/div>\n","protected":false},"excerpt":{"rendered":"<p>DOWNLOADS EDITAL, publicado em 31\/10\/2025 \u00e0s 09:46h. ATA DE REGISTRO DE PRE\u00c7OS: BRUNO, publicado em 04\/12\/2025 \u00e0s 08:40h. ATA DE REGISTRO DE PRE\u00c7OS: CAMARGOS, publicado em 04\/12\/2025 \u00e0s 08:40h. ATA DE REGISTRO DE PRE\u00c7OS: CONFIAN\u00c7A, publicado em 04\/12\/2025 \u00e0s 08:40h. ATA DE REGISTRO DE PRE\u00c7OS: GENESIS, publicado em 04\/12\/2025 \u00e0s 08:40h. ATA DE REGISTRO DE [&hellip;]<\/p>\n","protected":false},"author":8,"featured_media":4366,"comment_status":"closed","ping_status":"closed","sticky":false,"template":"","format":"standard","meta":{"footnotes":"","_links_to":"","_links_to_target":""},"categories":[135],"tags":[],"class_list":{"0":"post-25482","1":"post","2":"type-post","3":"status-publish","4":"format-standard","5":"has-post-thumbnail","7":"category-editais-de-licitacao-2025"},"_links":{"self":[{"href":"https:\/\/coronelxavierchaves.mg.gov.br\/prefeitura\/wp-json\/wp\/v2\/posts\/25482","targetHints":{"allow":["GET"]}}],"collection":[{"href":"https:\/\/coronelxavierchaves.mg.gov.br\/prefeitura\/wp-json\/wp\/v2\/posts"}],"about":[{"href":"https:\/\/coronelxavierchaves.mg.gov.br\/prefeitura\/wp-json\/wp\/v2\/types\/post"}],"author":[{"embeddable":true,"href":"https:\/\/coronelxavierchaves.mg.gov.br\/prefeitura\/wp-json\/wp\/v2\/users\/8"}],"replies":[{"embeddable":true,"href":"https:\/\/coronelxavierchaves.mg.gov.br\/prefeitura\/wp-json\/wp\/v2\/comments?post=25482"}],"version-history":[{"count":5,"href":"https:\/\/coronelxavierchaves.mg.gov.br\/prefeitura\/wp-json\/wp\/v2\/posts\/25482\/revisions"}],"predecessor-version":[{"id":25733,"href":"https:\/\/coronelxavierchaves.mg.gov.br\/prefeitura\/wp-json\/wp\/v2\/posts\/25482\/revisions\/25733"}],"wp:featuredmedia":[{"embeddable":true,"href":"https:\/\/coronelxavierchaves.mg.gov.br\/prefeitura\/wp-json\/wp\/v2\/media\/4366"}],"wp:attachment":[{"href":"https:\/\/coronelxavierchaves.mg.gov.br\/prefeitura\/wp-json\/wp\/v2\/media?parent=25482"}],"wp:term":[{"taxonomy":"category","embeddable":true,"href":"https:\/\/coronelxavierchaves.mg.gov.br\/prefeitura\/wp-json\/wp\/v2\/categories?post=25482"},{"taxonomy":"post_tag","embeddable":true,"href":"https:\/\/coronelxavierchaves.mg.gov.br\/prefeitura\/wp-json\/wp\/v2\/tags?post=25482"}],"curies":[{"name":"wp","href":"https:\/\/api.w.org\/{rel}","templated":true}]}}