{"id":25544,"date":"2025-11-05T15:30:23","date_gmt":"2025-11-05T18:30:23","guid":{"rendered":"https:\/\/coronelxavierchaves.mg.gov.br\/prefeitura\/?p=25544"},"modified":"2025-12-04T08:51:13","modified_gmt":"2025-12-04T11:51:13","slug":"autorizacao-pl-128-2025-adesao-a-ata-de-registro-de-precos-para-a-aquisicao-de-01-um-veiculo-automotor-zero-quilometro","status":"publish","type":"post","link":"https:\/\/coronelxavierchaves.mg.gov.br\/prefeitura\/2025\/11\/05\/autorizacao-pl-128-2025-adesao-a-ata-de-registro-de-precos-para-a-aquisicao-de-01-um-veiculo-automotor-zero-quilometro\/","title":{"rendered":"Autoriza\u00e7\u00e3o (PL 128\/2025) &#8211; Ades\u00e3o \u00e0 Ata de Registro de Pre\u00e7os para a aquisi\u00e7\u00e3o de 01 (um) ve\u00edculo automotor zero quil\u00f4metro"},"content":{"rendered":"<blockquote><p>DOWNLOADS<\/p><\/blockquote>\n<ul>\n<li><a href=\"https:\/\/coronelxavierchaves.mg.gov.br\/prefeitura\/wp-content\/uploads\/2025\/11\/AUTORIZACAO-128-2025.pdf\">AUTORIZA\u00c7\u00c3O<\/a>, publicado em 05\/11\/2025 \u00e0s 15:30h.<\/li>\n<li><a href=\"https:\/\/coronelxavierchaves.mg.gov.br\/prefeitura\/wp-content\/uploads\/2025\/12\/CONTRATO-128-2025.pdf\">CONTRATO<\/a>, publicado em 04\/12\/2025 \u00e0s 08:51h.<\/li>\n<\/ul>\n<blockquote><p>OBJETO<\/p><\/blockquote>\n<div style=\"text-align: justify;\">\n<div style=\"text-align: justify;\">\n<p style=\"font-weight: 400;\">Ades\u00e3o \u00e0 Ata de Registro de Pre\u00e7os originadas do Processo Licitat\u00f3rio 23\/2024 \u2013 Preg\u00e3o Eletr\u00f4nico 20\/2024, do Cons\u00f3rcio Integrado Multifinalit\u00e1rio do Vale do Jequitinhonha \u2013 CIM JEQUITINHONHA, para a aquisi\u00e7\u00e3o de 01 (um) ve\u00edculo automotor zero quil\u00f4metro, com capacidade m\u00ednima para sete lugares, destinado a atender as demandas pedag\u00f3gicas da Escola Municipal e da Secretaria Municipal de Educa\u00e7\u00e3o de Coronel Xavier Chaves\/MG.<\/p>\n<\/div>\n<div>\n<p>&nbsp;<\/p>\n<div>\n<p>*<b>PUBLICA\u00c7\u00c3O<\/b><\/p>\n<ul>\n<li>Um destaque desta publica\u00e7\u00e3o foi gerado na p\u00e1gina inicial do site, dispon\u00edvel at\u00e9 que demais publica\u00e7\u00f5es sejam realizadas.<\/li>\n<li>Uma publica\u00e7\u00e3o permanente foi feita na p\u00e1gina de Editais e Licita\u00e7\u00f5es.<\/li>\n<\/ul>\n<\/div>\n<\/div>\n<\/div>\n","protected":false},"excerpt":{"rendered":"<p>DOWNLOADS AUTORIZA\u00c7\u00c3O, publicado em 05\/11\/2025 \u00e0s 15:30h. CONTRATO, publicado em 04\/12\/2025 \u00e0s 08:51h. OBJETO Ades\u00e3o \u00e0 Ata de Registro de Pre\u00e7os originadas do Processo Licitat\u00f3rio 23\/2024 \u2013 Preg\u00e3o Eletr\u00f4nico 20\/2024, do Cons\u00f3rcio Integrado Multifinalit\u00e1rio do Vale do Jequitinhonha \u2013 CIM JEQUITINHONHA, para a aquisi\u00e7\u00e3o de 01 (um) ve\u00edculo automotor zero quil\u00f4metro, com capacidade m\u00ednima para [&hellip;]<\/p>\n","protected":false},"author":3,"featured_media":4367,"comment_status":"closed","ping_status":"closed","sticky":false,"template":"","format":"standard","meta":{"footnotes":"","_links_to":"","_links_to_target":""},"categories":[135],"tags":[],"class_list":{"0":"post-25544","1":"post","2":"type-post","3":"status-publish","4":"format-standard","5":"has-post-thumbnail","7":"category-editais-de-licitacao-2025"},"_links":{"self":[{"href":"https:\/\/coronelxavierchaves.mg.gov.br\/prefeitura\/wp-json\/wp\/v2\/posts\/25544","targetHints":{"allow":["GET"]}}],"collection":[{"href":"https:\/\/coronelxavierchaves.mg.gov.br\/prefeitura\/wp-json\/wp\/v2\/posts"}],"about":[{"href":"https:\/\/coronelxavierchaves.mg.gov.br\/prefeitura\/wp-json\/wp\/v2\/types\/post"}],"author":[{"embeddable":true,"href":"https:\/\/coronelxavierchaves.mg.gov.br\/prefeitura\/wp-json\/wp\/v2\/users\/3"}],"replies":[{"embeddable":true,"href":"https:\/\/coronelxavierchaves.mg.gov.br\/prefeitura\/wp-json\/wp\/v2\/comments?post=25544"}],"version-history":[{"count":3,"href":"https:\/\/coronelxavierchaves.mg.gov.br\/prefeitura\/wp-json\/wp\/v2\/posts\/25544\/revisions"}],"predecessor-version":[{"id":25746,"href":"https:\/\/coronelxavierchaves.mg.gov.br\/prefeitura\/wp-json\/wp\/v2\/posts\/25544\/revisions\/25746"}],"wp:featuredmedia":[{"embeddable":true,"href":"https:\/\/coronelxavierchaves.mg.gov.br\/prefeitura\/wp-json\/wp\/v2\/media\/4367"}],"wp:attachment":[{"href":"https:\/\/coronelxavierchaves.mg.gov.br\/prefeitura\/wp-json\/wp\/v2\/media?parent=25544"}],"wp:term":[{"taxonomy":"category","embeddable":true,"href":"https:\/\/coronelxavierchaves.mg.gov.br\/prefeitura\/wp-json\/wp\/v2\/categories?post=25544"},{"taxonomy":"post_tag","embeddable":true,"href":"https:\/\/coronelxavierchaves.mg.gov.br\/prefeitura\/wp-json\/wp\/v2\/tags?post=25544"}],"curies":[{"name":"wp","href":"https:\/\/api.w.org\/{rel}","templated":true}]}}