{"id":25547,"date":"2025-11-05T16:30:07","date_gmt":"2025-11-05T19:30:07","guid":{"rendered":"https:\/\/coronelxavierchaves.mg.gov.br\/prefeitura\/?p=25547"},"modified":"2025-12-29T15:35:22","modified_gmt":"2025-12-29T18:35:22","slug":"aviso-de-licitacao-pl-129-2025-registro-de-precos-para-aquisicao-de-materiais-de-informatica-e-eletronicos-e-demais-itens-correlatos","status":"publish","type":"post","link":"https:\/\/coronelxavierchaves.mg.gov.br\/prefeitura\/2025\/11\/05\/aviso-de-licitacao-pl-129-2025-registro-de-precos-para-aquisicao-de-materiais-de-informatica-e-eletronicos-e-demais-itens-correlatos\/","title":{"rendered":"Aviso de Licita\u00e7\u00e3o (PL 129\/2025) &#8211; Registro de Pre\u00e7os para aquisi\u00e7\u00e3o de materiais de inform\u00e1tica e eletr\u00f4nicos e demais itens correlatos"},"content":{"rendered":"<blockquote>\n<p style=\"text-align: center;\">DOWNLOADS<\/p>\n<\/blockquote>\n<ul>\n<li style=\"list-style-type: none;\">\n<ul>\n<li><a href=\"https:\/\/coronelxavierchaves.mg.gov.br\/prefeitura\/wp-content\/uploads\/2025\/11\/EDITAL-129-2025.pdf\">EDITAL<\/a>, publicado em 05\/11\/2025 \u00e0s 16:30h.<\/li>\n<li><a href=\"https:\/\/coronelxavierchaves.mg.gov.br\/prefeitura\/wp-content\/uploads\/2025\/12\/ATA-DE-REGISTRO-DE-PRECOS-AHDA.pdf\">ATA DE REGISTRO DE PRE\u00c7OS: AHDA<\/a>, publicado em 29\/12\/2025 \u00e0s 15:35h.<\/li>\n<li><a href=\"https:\/\/coronelxavierchaves.mg.gov.br\/prefeitura\/wp-content\/uploads\/2025\/12\/ATA-DE-REGISTRO-DE-PRECOS-COMERCIAL-PAES.pdf\">ATA DE REGISTRO DE PRE\u00c7OS: COMERCIAL PAES<\/a>, publicado em 29\/12\/2025 \u00e0s 15:35h.<\/li>\n<li><a href=\"https:\/\/coronelxavierchaves.mg.gov.br\/prefeitura\/wp-content\/uploads\/2025\/12\/ATA-DE-REGISTRO-DE-PRECOS-DLB.pdf\">ATA DE REGISTRO DE PRE\u00c7OS: DLB<\/a>, publicado em 29\/12\/2025 \u00e0s 15:35h.<\/li>\n<li><a href=\"https:\/\/coronelxavierchaves.mg.gov.br\/prefeitura\/wp-content\/uploads\/2025\/12\/ATA-DE-REGISTRO-DE-PRECOS-ELTEK.pdf\">ATA DE REGISTRO DE PRE\u00c7OS: ELTEK<\/a>, publicado em 29\/12\/2025 \u00e0s 15:35h.<\/li>\n<li><a href=\"https:\/\/coronelxavierchaves.mg.gov.br\/prefeitura\/wp-content\/uploads\/2025\/12\/ATA-DE-REGISTRO-DE-PRECOS-FORT-PRINT.pdf\">ATA DE REGISTRO DE PRE\u00c7OS: FORT PRINT<\/a>, publicado em 29\/12\/2025 \u00e0s 15:35h.<\/li>\n<li><a href=\"https:\/\/coronelxavierchaves.mg.gov.br\/prefeitura\/wp-content\/uploads\/2025\/12\/ATA-DE-REGISTRO-DE-PRECOS-HM.pdf\">ATA DE REGISTRO DE PRE\u00c7OS: HM<\/a>, publicado em 29\/12\/2025 \u00e0s 15:35h.<\/li>\n<li><a href=\"https:\/\/coronelxavierchaves.mg.gov.br\/prefeitura\/wp-content\/uploads\/2025\/12\/ATA-DE-REGISTRO-DE-PRECOS-JOAO-GUILHERME.pdf\">ATA DE REGISTRO DE PRE\u00c7OS: JOAO GUILHERME<\/a>, publicado em 29\/12\/2025 \u00e0s 15:35h.<\/li>\n<li><a href=\"https:\/\/coronelxavierchaves.mg.gov.br\/prefeitura\/wp-content\/uploads\/2025\/12\/ATA-DE-REGISTRO-DE-PRECOS-LICITAX.pdf\">ATA DE REGISTRO DE PRE\u00c7OS: LICITAX<\/a>, publicado em 29\/12\/2025 \u00e0s 15:35h.<\/li>\n<li><a href=\"https:\/\/coronelxavierchaves.mg.gov.br\/prefeitura\/wp-content\/uploads\/2025\/12\/ATA-DE-REGISTRO-DE-PRECOS-MICROBIT.pdf\">ATA DE REGISTRO DE PRE\u00c7OS: MICROBIT<\/a>, publicado em 29\/12\/2025 \u00e0s 15:35h.<\/li>\n<li><a href=\"https:\/\/coronelxavierchaves.mg.gov.br\/prefeitura\/wp-content\/uploads\/2025\/12\/ATA-DE-REGISTRO-DE-PRECOS-RP-GOMES.pdf\">ATA DE REGISTRO DE PRE\u00c7OS: RP GOMES<\/a>, publicado em 29\/12\/2025 \u00e0s 15:35h.<\/li>\n<li><a href=\"https:\/\/coronelxavierchaves.mg.gov.br\/prefeitura\/wp-content\/uploads\/2025\/12\/ATA-DE-REGISTRO-DE-PRECOS-TH.pdf\">ATA DE REGISTRO DE PRE\u00c7OS: TH<\/a>, publicado em 29\/12\/2025 \u00e0s 15:35h.<\/li>\n<li><a href=\"https:\/\/coronelxavierchaves.mg.gov.br\/prefeitura\/wp-content\/uploads\/2025\/12\/ATA-DE-REGISTRO-DE-PRECOS-THE-SUPPLY.pdf\">ATA DE REGISTRO DE PRE\u00c7OS: THE SUPPLY<\/a>, publicado em 29\/12\/2025 \u00e0s 15:35h.<\/li>\n<li><a href=\"https:\/\/coronelxavierchaves.mg.gov.br\/prefeitura\/wp-content\/uploads\/2025\/12\/ATA-DE-REGISTRO-DE-PRECOS-UMICRO.pdf\">ATA DE REGISTRO DE PRE\u00c7OS: UMICRO<\/a>, publicado em 29\/12\/2025 \u00e0s 15:35h.<\/li>\n<\/ul>\n<\/li>\n<\/ul>\n<p style=\"text-align: center;\"><strong><u>AVISO DE LICITA\u00c7\u00c3O<\/u><\/strong><\/p>\n<p style=\"text-align: justify;\">Prefeitura Municipal de Coronel Xavier Chaves\/MG. Aviso de Licita\u00e7\u00e3o &#8211; Processo Licitat\u00f3rio \u2013 129\/2025, Preg\u00e3o Eletr\u00f4nico \u2013 54\/2025, do tipo\u00a0<u>Menor Pre\u00e7o por Item.\u00a0<\/u>Objeto:\u00a0Registro de Pre\u00e7os para aquisi\u00e7\u00e3o de materiais de inform\u00e1tica e eletr\u00f4nicos e demais itens correlatos, destinados a atender \u00e0s necessidades das Secretarias Municipais de Coronel Xavier Chaves\/MG, conforme especifica\u00e7\u00f5es e quantidades definidas no Termo de Refer\u00eancia.\u00a0Limite de acolhimento das propostas: dia 19\/11\/2025 \u00e0s 07h59min.\u00a0<strong>DISPUTA:\u00a0 19\/11\/2025, \u00e0s 08h30min, na Plataforma LICITAPP<\/strong>,\u00a0<a href=\"https:\/\/coronelxavierchaves.licitapp.com.br\/\">https:\/\/coronelxavierchaves.licitapp.com.br\/\/<\/a>.\u00a0O edital est\u00e1 dispon\u00edvel no site\u00a0\u201c<a href=\"http:\/\/www.coronelxavierchaves.mg.gov.br\/\">www.coronelxavierchaves.mg.gov.br<\/a>&#8220;, mais informa\u00e7\u00f5es\u00a0na prefeitura municipal \u00e0 Rua Padre Reis, 84, Centro, Coronel Xavier Chaves\/MG, no hor\u00e1rio de 08h00min \u00e0s 12h00min e de 13h00min \u00e0s 16h00min. Tel.:\u00a0<a href=\"tel:%2832%29%203357-1235\">(32) 3216-1053<\/a>\/ (32) 9 9199-6496 (<em>Whatsapp<\/em>). Coronel Xavier Chaves, 05 de novembro de 2025. Juliana Jaques Camargos \u2013 Pregoeira.<\/p>\n<p>&nbsp;<\/p>\n<div class=\"printshowonly\">\n<p>*<b>PUBLICA\u00c7\u00c3O<\/b><\/p>\n<ul>\n<li>Um destaque desta publica\u00e7\u00e3o foi gerado na p\u00e1gina inicial do site, dispon\u00edvel at\u00e9 que demais publica\u00e7\u00f5es sejam realizadas.<\/li>\n<li>Uma publica\u00e7\u00e3o permanente foi feita na p\u00e1gina de Editais e Licita\u00e7\u00f5es.<\/li>\n<\/ul>\n<\/div>\n","protected":false},"excerpt":{"rendered":"<p>DOWNLOADS EDITAL, publicado em 05\/11\/2025 \u00e0s 16:30h. ATA DE REGISTRO DE PRE\u00c7OS: AHDA, publicado em 29\/12\/2025 \u00e0s 15:35h. ATA DE REGISTRO DE PRE\u00c7OS: COMERCIAL PAES, publicado em 29\/12\/2025 \u00e0s 15:35h. ATA DE REGISTRO DE PRE\u00c7OS: DLB, publicado em 29\/12\/2025 \u00e0s 15:35h. ATA DE REGISTRO DE PRE\u00c7OS: ELTEK, publicado em 29\/12\/2025 \u00e0s 15:35h. ATA DE REGISTRO [&hellip;]<\/p>\n","protected":false},"author":3,"featured_media":4366,"comment_status":"closed","ping_status":"closed","sticky":false,"template":"","format":"standard","meta":{"footnotes":"","_links_to":"","_links_to_target":""},"categories":[135],"tags":[],"class_list":{"0":"post-25547","1":"post","2":"type-post","3":"status-publish","4":"format-standard","5":"has-post-thumbnail","7":"category-editais-de-licitacao-2025"},"_links":{"self":[{"href":"https:\/\/coronelxavierchaves.mg.gov.br\/prefeitura\/wp-json\/wp\/v2\/posts\/25547","targetHints":{"allow":["GET"]}}],"collection":[{"href":"https:\/\/coronelxavierchaves.mg.gov.br\/prefeitura\/wp-json\/wp\/v2\/posts"}],"about":[{"href":"https:\/\/coronelxavierchaves.mg.gov.br\/prefeitura\/wp-json\/wp\/v2\/types\/post"}],"author":[{"embeddable":true,"href":"https:\/\/coronelxavierchaves.mg.gov.br\/prefeitura\/wp-json\/wp\/v2\/users\/3"}],"replies":[{"embeddable":true,"href":"https:\/\/coronelxavierchaves.mg.gov.br\/prefeitura\/wp-json\/wp\/v2\/comments?post=25547"}],"version-history":[{"count":3,"href":"https:\/\/coronelxavierchaves.mg.gov.br\/prefeitura\/wp-json\/wp\/v2\/posts\/25547\/revisions"}],"predecessor-version":[{"id":26075,"href":"https:\/\/coronelxavierchaves.mg.gov.br\/prefeitura\/wp-json\/wp\/v2\/posts\/25547\/revisions\/26075"}],"wp:featuredmedia":[{"embeddable":true,"href":"https:\/\/coronelxavierchaves.mg.gov.br\/prefeitura\/wp-json\/wp\/v2\/media\/4366"}],"wp:attachment":[{"href":"https:\/\/coronelxavierchaves.mg.gov.br\/prefeitura\/wp-json\/wp\/v2\/media?parent=25547"}],"wp:term":[{"taxonomy":"category","embeddable":true,"href":"https:\/\/coronelxavierchaves.mg.gov.br\/prefeitura\/wp-json\/wp\/v2\/categories?post=25547"},{"taxonomy":"post_tag","embeddable":true,"href":"https:\/\/coronelxavierchaves.mg.gov.br\/prefeitura\/wp-json\/wp\/v2\/tags?post=25547"}],"curies":[{"name":"wp","href":"https:\/\/api.w.org\/{rel}","templated":true}]}}