{"id":25584,"date":"2025-11-14T15:31:03","date_gmt":"2025-11-14T18:31:03","guid":{"rendered":"https:\/\/coronelxavierchaves.mg.gov.br\/prefeitura\/?p=25584"},"modified":"2025-11-14T15:31:03","modified_gmt":"2025-11-14T18:31:03","slug":"contrato-e-ordem-de-servico-pl-118-2025-contratacao-de-empresa-especializada-para-a-execucao-de-obras-e-servicos-de-engenharia","status":"publish","type":"post","link":"https:\/\/coronelxavierchaves.mg.gov.br\/prefeitura\/2025\/11\/14\/contrato-e-ordem-de-servico-pl-118-2025-contratacao-de-empresa-especializada-para-a-execucao-de-obras-e-servicos-de-engenharia\/","title":{"rendered":"Contrato e Ordem de Servi\u00e7o (PL 118\/2025) &#8211; Contrata\u00e7\u00e3o de empresa especializada para a execu\u00e7\u00e3o de obras e servi\u00e7os de engenharia"},"content":{"rendered":"<blockquote><p>DOWNLOADS<\/p><\/blockquote>\n<ul>\n<li><a href=\"https:\/\/coronelxavierchaves.mg.gov.br\/prefeitura\/wp-content\/uploads\/2025\/11\/CONTRATO-118-2025.pdf\">CONTRATO<\/a>, publicado em 14\/11\/2025 \u00e0s 15:31h.<\/li>\n<li><a href=\"https:\/\/coronelxavierchaves.mg.gov.br\/prefeitura\/wp-content\/uploads\/2025\/11\/ORDEM-DE-SERVICO-118-2025.pdf\">ORDEM DE SERVI\u00c7O<\/a>, publicado em 14\/11\/2025 \u00e0s 15:31h.<\/li>\n<\/ul>\n<blockquote><p>OBJETO<\/p><\/blockquote>\n<div style=\"text-align: justify;\">\n<div style=\"text-align: justify;\">\n<div style=\"text-align: justify;\">\n<div>\n<p><strong>Contrata\u00e7\u00e3o de empresa especializada para a execu\u00e7\u00e3o de obras e servi\u00e7os de engenharia destinados \u00e0 complementa\u00e7\u00e3o da infraestrutura do Centro Municipal de Educa\u00e7\u00e3o Infantil \u201cPrimeiros Passos\u201d, incluindo a implanta\u00e7\u00e3o do sistema de preven\u00e7\u00e3o e combate a inc\u00eandio e p\u00e2nico, a constru\u00e7\u00e3o da rede de esgoto para interliga\u00e7\u00e3o das salas modulares e a realiza\u00e7\u00e3o de demais interven\u00e7\u00f5es necess\u00e1rias \u00e0 plena operacionaliza\u00e7\u00e3o da unidade.<\/strong><\/p>\n<\/div>\n<div>\n<p>&nbsp;<\/p>\n<div class=\"printshowonly\">\n<p>*<b>PUBLICA\u00c7\u00c3O<\/b><\/p>\n<ul>\n<li>Um destaque desta publica\u00e7\u00e3o foi gerado na p\u00e1gina inicial do site, dispon\u00edvel at\u00e9 que demais publica\u00e7\u00f5es sejam realizadas.<\/li>\n<li>Uma publica\u00e7\u00e3o permanente foi feita na p\u00e1gina de Editais e Licita\u00e7\u00f5es.<\/li>\n<li>Link para acesso:\u00a0http:\/\/coronelxavierchaves.mg.gov.br\/prefeitura\/wp-json\/wp\/v2\/posts\/25584<\/li>\n<\/ul>\n<\/div>\n<\/div>\n<\/div>\n<div><\/div>\n<\/div>\n<\/div>\n","protected":false},"excerpt":{"rendered":"<p>DOWNLOADS CONTRATO, publicado em 14\/11\/2025 \u00e0s 15:31h. ORDEM DE SERVI\u00c7O, publicado em 14\/11\/2025 \u00e0s 15:31h. OBJETO Contrata\u00e7\u00e3o de empresa especializada para a execu\u00e7\u00e3o de obras e servi\u00e7os de engenharia destinados \u00e0 complementa\u00e7\u00e3o da infraestrutura do Centro Municipal de Educa\u00e7\u00e3o Infantil \u201cPrimeiros Passos\u201d, incluindo a implanta\u00e7\u00e3o do sistema de preven\u00e7\u00e3o e combate a inc\u00eandio e p\u00e2nico, [&hellip;]<\/p>\n","protected":false},"author":3,"featured_media":4367,"comment_status":"closed","ping_status":"closed","sticky":false,"template":"","format":"standard","meta":{"footnotes":"","_links_to":"","_links_to_target":""},"categories":[139],"tags":[],"class_list":{"0":"post-25584","1":"post","2":"type-post","3":"status-publish","4":"format-standard","5":"has-post-thumbnail","7":"category-contratos-aditivos-atas-e-outros-2025"},"_links":{"self":[{"href":"https:\/\/coronelxavierchaves.mg.gov.br\/prefeitura\/wp-json\/wp\/v2\/posts\/25584","targetHints":{"allow":["GET"]}}],"collection":[{"href":"https:\/\/coronelxavierchaves.mg.gov.br\/prefeitura\/wp-json\/wp\/v2\/posts"}],"about":[{"href":"https:\/\/coronelxavierchaves.mg.gov.br\/prefeitura\/wp-json\/wp\/v2\/types\/post"}],"author":[{"embeddable":true,"href":"https:\/\/coronelxavierchaves.mg.gov.br\/prefeitura\/wp-json\/wp\/v2\/users\/3"}],"replies":[{"embeddable":true,"href":"https:\/\/coronelxavierchaves.mg.gov.br\/prefeitura\/wp-json\/wp\/v2\/comments?post=25584"}],"version-history":[{"count":1,"href":"https:\/\/coronelxavierchaves.mg.gov.br\/prefeitura\/wp-json\/wp\/v2\/posts\/25584\/revisions"}],"predecessor-version":[{"id":25588,"href":"https:\/\/coronelxavierchaves.mg.gov.br\/prefeitura\/wp-json\/wp\/v2\/posts\/25584\/revisions\/25588"}],"wp:featuredmedia":[{"embeddable":true,"href":"https:\/\/coronelxavierchaves.mg.gov.br\/prefeitura\/wp-json\/wp\/v2\/media\/4367"}],"wp:attachment":[{"href":"https:\/\/coronelxavierchaves.mg.gov.br\/prefeitura\/wp-json\/wp\/v2\/media?parent=25584"}],"wp:term":[{"taxonomy":"category","embeddable":true,"href":"https:\/\/coronelxavierchaves.mg.gov.br\/prefeitura\/wp-json\/wp\/v2\/categories?post=25584"},{"taxonomy":"post_tag","embeddable":true,"href":"https:\/\/coronelxavierchaves.mg.gov.br\/prefeitura\/wp-json\/wp\/v2\/tags?post=25584"}],"curies":[{"name":"wp","href":"https:\/\/api.w.org\/{rel}","templated":true}]}}