{"id":25709,"date":"2025-12-04T08:14:15","date_gmt":"2025-12-04T11:14:15","guid":{"rendered":"https:\/\/coronelxavierchaves.mg.gov.br\/prefeitura\/?p=25709"},"modified":"2025-12-10T08:14:42","modified_gmt":"2025-12-10T11:14:42","slug":"contrato-pl-138-2025-prestacao-de-servicos-de-locacao-de-estruturas-em-geral-para-realizacao-de-eventos-durante-as-festividades-no-natal-encantado-2025","status":"publish","type":"post","link":"https:\/\/coronelxavierchaves.mg.gov.br\/prefeitura\/2025\/12\/04\/contrato-pl-138-2025-prestacao-de-servicos-de-locacao-de-estruturas-em-geral-para-realizacao-de-eventos-durante-as-festividades-no-natal-encantado-2025\/","title":{"rendered":"Contrato (PL 138\/2025) &#8211; Presta\u00e7\u00e3o de servi\u00e7os de loca\u00e7\u00e3o de estruturas em geral para realiza\u00e7\u00e3o de eventos, durante as festividades no \u201cNatal Encantado 2025&#8243;"},"content":{"rendered":"<blockquote><p>DOWNLOADS<\/p><\/blockquote>\n<ul>\n<li><a href=\"https:\/\/coronelxavierchaves.mg.gov.br\/prefeitura\/wp-content\/uploads\/2025\/12\/CONTRATO-138-2025.pdf\">CONTRATO<\/a>, publicado em 04\/12\/2025 \u00e0s 08:14h.<\/li>\n<\/ul>\n<blockquote><p>OBJETO<\/p><\/blockquote>\n<div style=\"text-align: justify;\">\n<div style=\"text-align: justify;\">\n<div style=\"text-align: justify;\">\n<div>Ades\u00e3o \u00e0\u00a0Ata de Registro de Pre\u00e7os n\u00ba 125\/2025 do Munic\u00edpio de Barroso &#8211; MG, origin\u00e1ria do Processo Licitat\u00f3rio n\u00ba 102\/2025 \u2013 Preg\u00e3o Eletr\u00f4nico n\u00ba 34\/2025, cujo objeto consiste na presta\u00e7\u00e3o de servi\u00e7os de loca\u00e7\u00e3o de estruturas em geral para realiza\u00e7\u00e3o de eventos, em atendimento \u00e0 solicita\u00e7\u00e3o das Secretarias Municipais, destinado a atender as demandas da Secretaria de Cultura, Turismo, Esporte e Lazer durante as festividades no \u201cNatal Encantado 2025\u201d.<\/div>\n<div>\n<p>&nbsp;<\/p>\n<div class=\"printshowonly\">\n<p>*<b>PUBLICA\u00c7\u00c3O<\/b><\/p>\n<ul>\n<li>Um destaque desta publica\u00e7\u00e3o foi gerado na p\u00e1gina inicial do site, dispon\u00edvel at\u00e9 que demais publica\u00e7\u00f5es sejam realizadas.<\/li>\n<li>Uma publica\u00e7\u00e3o permanente foi feita na p\u00e1gina de Editais e Licita\u00e7\u00f5es.<\/li>\n<li>Link para acesso:\u00a0http:\/\/coronelxavierchaves.mg.gov.br\/prefeitura\/wp-json\/wp\/v2\/posts\/25709<\/li>\n<\/ul>\n<\/div>\n<\/div>\n<\/div>\n<div><\/div>\n<\/div>\n<\/div>\n","protected":false},"excerpt":{"rendered":"<p>DOWNLOADS CONTRATO, publicado em 04\/12\/2025 \u00e0s 08:14h. OBJETO Ades\u00e3o \u00e0\u00a0Ata de Registro de Pre\u00e7os n\u00ba 125\/2025 do Munic\u00edpio de Barroso &#8211; MG, origin\u00e1ria do Processo Licitat\u00f3rio n\u00ba 102\/2025 \u2013 Preg\u00e3o Eletr\u00f4nico n\u00ba 34\/2025, cujo objeto consiste na presta\u00e7\u00e3o de servi\u00e7os de loca\u00e7\u00e3o de estruturas em geral para realiza\u00e7\u00e3o de eventos, em atendimento \u00e0 solicita\u00e7\u00e3o das [&hellip;]<\/p>\n","protected":false},"author":3,"featured_media":4367,"comment_status":"closed","ping_status":"closed","sticky":false,"template":"","format":"standard","meta":{"footnotes":"","_links_to":"","_links_to_target":""},"categories":[139],"tags":[],"class_list":{"0":"post-25709","1":"post","2":"type-post","3":"status-publish","4":"format-standard","5":"has-post-thumbnail","7":"category-contratos-aditivos-atas-e-outros-2025"},"_links":{"self":[{"href":"https:\/\/coronelxavierchaves.mg.gov.br\/prefeitura\/wp-json\/wp\/v2\/posts\/25709","targetHints":{"allow":["GET"]}}],"collection":[{"href":"https:\/\/coronelxavierchaves.mg.gov.br\/prefeitura\/wp-json\/wp\/v2\/posts"}],"about":[{"href":"https:\/\/coronelxavierchaves.mg.gov.br\/prefeitura\/wp-json\/wp\/v2\/types\/post"}],"author":[{"embeddable":true,"href":"https:\/\/coronelxavierchaves.mg.gov.br\/prefeitura\/wp-json\/wp\/v2\/users\/3"}],"replies":[{"embeddable":true,"href":"https:\/\/coronelxavierchaves.mg.gov.br\/prefeitura\/wp-json\/wp\/v2\/comments?post=25709"}],"version-history":[{"count":2,"href":"https:\/\/coronelxavierchaves.mg.gov.br\/prefeitura\/wp-json\/wp\/v2\/posts\/25709\/revisions"}],"predecessor-version":[{"id":25856,"href":"https:\/\/coronelxavierchaves.mg.gov.br\/prefeitura\/wp-json\/wp\/v2\/posts\/25709\/revisions\/25856"}],"wp:featuredmedia":[{"embeddable":true,"href":"https:\/\/coronelxavierchaves.mg.gov.br\/prefeitura\/wp-json\/wp\/v2\/media\/4367"}],"wp:attachment":[{"href":"https:\/\/coronelxavierchaves.mg.gov.br\/prefeitura\/wp-json\/wp\/v2\/media?parent=25709"}],"wp:term":[{"taxonomy":"category","embeddable":true,"href":"https:\/\/coronelxavierchaves.mg.gov.br\/prefeitura\/wp-json\/wp\/v2\/categories?post=25709"},{"taxonomy":"post_tag","embeddable":true,"href":"https:\/\/coronelxavierchaves.mg.gov.br\/prefeitura\/wp-json\/wp\/v2\/tags?post=25709"}],"curies":[{"name":"wp","href":"https:\/\/api.w.org\/{rel}","templated":true}]}}