{"id":25719,"date":"2025-12-04T08:34:05","date_gmt":"2025-12-04T11:34:05","guid":{"rendered":"https:\/\/coronelxavierchaves.mg.gov.br\/prefeitura\/?p=25719"},"modified":"2025-12-04T08:34:39","modified_gmt":"2025-12-04T11:34:39","slug":"atas-de-registro-de-precos-pl-127-2025-aquisicao-de-refeicoes-no-sistema-self-service-e-tipo-marmitex-comercial-para-atender-as-futuras-e-eventuais-necessidades-dos-diversos-setores","status":"publish","type":"post","link":"https:\/\/coronelxavierchaves.mg.gov.br\/prefeitura\/2025\/12\/04\/atas-de-registro-de-precos-pl-127-2025-aquisicao-de-refeicoes-no-sistema-self-service-e-tipo-marmitex-comercial-para-atender-as-futuras-e-eventuais-necessidades-dos-diversos-setores\/","title":{"rendered":"Ata de registro de pre\u00e7os (PL 127\/2025) &#8211; Aquisi\u00e7\u00e3o de refei\u00e7\u00f5es no sistema Self-Service e tipo Marmitex Comercial, para atender as futuras e eventuais necessidades dos diversos setores&#8230;"},"content":{"rendered":"<blockquote><p>DOWNLOADS<\/p><\/blockquote>\n<ul>\n<li><a href=\"https:\/\/coronelxavierchaves.mg.gov.br\/prefeitura\/wp-content\/uploads\/2025\/12\/ARP-YARAS-127-2025.pdf\">ATA DE REGISTRO DE PRE\u00c7OS: YARAS<\/a>, publicado em 04\/12\/2025 \u00e0s 08:34h.<\/li>\n<\/ul>\n<blockquote><p>OBJETO<\/p><\/blockquote>\n<div style=\"text-align: justify;\">\n<div style=\"text-align: justify;\">\n<p><b>REGISTRO DE PRE\u00c7OS PARA AQUISI\u00c7\u00c3O DE REFEI\u00c7\u00d5ES NO SISTEMA SELF-SERVICE E TIPO MARMITEX COMERCIAL, PARA ATENDER AS FUTURAS E EVENTUAIS NECESSIDADES DOS DIVERSOS SETORES DA PREFEITURA MUNICIPAL DE CORONEL XAVIER CHAVES\/MG<\/b><b>.\u00a0<\/b><\/p>\n<\/div>\n<div>\n<p>&nbsp;<\/p>\n<div>\n<p>*<b>PUBLICA\u00c7\u00c3O<\/b><\/p>\n<ul>\n<li>Um destaque desta publica\u00e7\u00e3o foi gerado na p\u00e1gina inicial do site, dispon\u00edvel at\u00e9 que demais publica\u00e7\u00f5es sejam realizadas.<\/li>\n<li>Uma publica\u00e7\u00e3o permanente foi feita na p\u00e1gina de Editais e Licita\u00e7\u00f5es.<\/li>\n<li>Link para acesso:\u00a0http:\/\/coronelxavierchaves.mg.gov.br\/prefeitura\/wp-json\/wp\/v2\/posts\/25719<\/li>\n<\/ul>\n<\/div>\n<\/div>\n<\/div>\n","protected":false},"excerpt":{"rendered":"<p>DOWNLOADS ATA DE REGISTRO DE PRE\u00c7OS: YARAS, publicado em 04\/12\/2025 \u00e0s 08:34h. OBJETO REGISTRO DE PRE\u00c7OS PARA AQUISI\u00c7\u00c3O DE REFEI\u00c7\u00d5ES NO SISTEMA SELF-SERVICE E TIPO MARMITEX COMERCIAL, PARA ATENDER AS FUTURAS E EVENTUAIS NECESSIDADES DOS DIVERSOS SETORES DA PREFEITURA MUNICIPAL DE CORONEL XAVIER CHAVES\/MG.\u00a0 &nbsp; *PUBLICA\u00c7\u00c3O Um destaque desta publica\u00e7\u00e3o foi gerado na p\u00e1gina inicial [&hellip;]<\/p>\n","protected":false},"author":3,"featured_media":4367,"comment_status":"closed","ping_status":"closed","sticky":false,"template":"","format":"standard","meta":{"footnotes":"","_links_to":"","_links_to_target":""},"categories":[139],"tags":[],"class_list":{"0":"post-25719","1":"post","2":"type-post","3":"status-publish","4":"format-standard","5":"has-post-thumbnail","7":"category-contratos-aditivos-atas-e-outros-2025"},"_links":{"self":[{"href":"https:\/\/coronelxavierchaves.mg.gov.br\/prefeitura\/wp-json\/wp\/v2\/posts\/25719","targetHints":{"allow":["GET"]}}],"collection":[{"href":"https:\/\/coronelxavierchaves.mg.gov.br\/prefeitura\/wp-json\/wp\/v2\/posts"}],"about":[{"href":"https:\/\/coronelxavierchaves.mg.gov.br\/prefeitura\/wp-json\/wp\/v2\/types\/post"}],"author":[{"embeddable":true,"href":"https:\/\/coronelxavierchaves.mg.gov.br\/prefeitura\/wp-json\/wp\/v2\/users\/3"}],"replies":[{"embeddable":true,"href":"https:\/\/coronelxavierchaves.mg.gov.br\/prefeitura\/wp-json\/wp\/v2\/comments?post=25719"}],"version-history":[{"count":2,"href":"https:\/\/coronelxavierchaves.mg.gov.br\/prefeitura\/wp-json\/wp\/v2\/posts\/25719\/revisions"}],"predecessor-version":[{"id":25724,"href":"https:\/\/coronelxavierchaves.mg.gov.br\/prefeitura\/wp-json\/wp\/v2\/posts\/25719\/revisions\/25724"}],"wp:featuredmedia":[{"embeddable":true,"href":"https:\/\/coronelxavierchaves.mg.gov.br\/prefeitura\/wp-json\/wp\/v2\/media\/4367"}],"wp:attachment":[{"href":"https:\/\/coronelxavierchaves.mg.gov.br\/prefeitura\/wp-json\/wp\/v2\/media?parent=25719"}],"wp:term":[{"taxonomy":"category","embeddable":true,"href":"https:\/\/coronelxavierchaves.mg.gov.br\/prefeitura\/wp-json\/wp\/v2\/categories?post=25719"},{"taxonomy":"post_tag","embeddable":true,"href":"https:\/\/coronelxavierchaves.mg.gov.br\/prefeitura\/wp-json\/wp\/v2\/tags?post=25719"}],"curies":[{"name":"wp","href":"https:\/\/api.w.org\/{rel}","templated":true}]}}