{"id":25725,"date":"2025-12-04T08:40:11","date_gmt":"2025-12-04T11:40:11","guid":{"rendered":"https:\/\/coronelxavierchaves.mg.gov.br\/prefeitura\/?p=25725"},"modified":"2025-12-04T08:41:04","modified_gmt":"2025-12-04T11:41:04","slug":"atas-de-registro-de-precos-pl-126-2025-registro-de-precos-de-aquisicao-de-generos-alimenticios-diversos-destinados-a-oferta-de-lanches-durante-reunioes-visitas-tecnicas-capacitacoes-encontros-i","status":"publish","type":"post","link":"https:\/\/coronelxavierchaves.mg.gov.br\/prefeitura\/2025\/12\/04\/atas-de-registro-de-precos-pl-126-2025-registro-de-precos-de-aquisicao-de-generos-alimenticios-diversos-destinados-a-oferta-de-lanches-durante-reunioes-visitas-tecnicas-capacitacoes-encontros-i\/","title":{"rendered":"Atas de registro de pre\u00e7os (PL 126\/2025) &#8211; Registro de pre\u00e7os de aquisi\u00e7\u00e3o de g\u00eaneros aliment\u00edcios diversos destinados \u00e0 oferta de lanches durante reuni\u00f5es, visitas t\u00e9cnicas, capacita\u00e7\u00f5es, encontros institucionais, recep\u00e7\u00f5es, datas comemorativas e demais atividades oficiais&#8230;"},"content":{"rendered":"<blockquote><p>DOWNLOADS<\/p><\/blockquote>\n<ul>\n<li><a href=\"https:\/\/coronelxavierchaves.mg.gov.br\/prefeitura\/wp-content\/uploads\/2025\/12\/BRUNO-126-2025.pdf\">ATA DE REGISTRO DE PRE\u00c7OS: BRUNO<\/a>, publicado em 04\/12\/2025 \u00e0s 08:40h.<\/li>\n<li><a href=\"https:\/\/coronelxavierchaves.mg.gov.br\/prefeitura\/wp-content\/uploads\/2025\/12\/CAMARGOS-126-2025.pdf\">ATA DE REGISTRO DE PRE\u00c7OS: CAMARGOS<\/a>, publicado em 04\/12\/2025 \u00e0s 08:40h.<\/li>\n<li><a href=\"https:\/\/coronelxavierchaves.mg.gov.br\/prefeitura\/wp-content\/uploads\/2025\/12\/CONFIANCA-126-2025.pdf\">ATA DE REGISTRO DE PRE\u00c7OS: CONFIAN\u00c7A<\/a>, publicado em 04\/12\/2025 \u00e0s 08:40h.<\/li>\n<li><a href=\"https:\/\/coronelxavierchaves.mg.gov.br\/prefeitura\/wp-content\/uploads\/2025\/12\/GENESIS-126-2025.pdf\">ATA DE REGISTRO DE PRE\u00c7OS: GENESIS<\/a>, publicado em 04\/12\/2025 \u00e0s 08:40h.<\/li>\n<li><a href=\"https:\/\/coronelxavierchaves.mg.gov.br\/prefeitura\/wp-content\/uploads\/2025\/12\/RAUL-126-2025.pdf\">ATA DE REGISTRO DE PRE\u00c7OS: RAUL<\/a>, publicado em 04\/12\/2025 \u00e0s 08:40h.<\/li>\n<\/ul>\n<blockquote><p>OBJETO<\/p><\/blockquote>\n<div style=\"text-align: justify;\">\n<div style=\"text-align: justify;\">\n<p><b>REGISTRO DE PRE\u00c7OS DE\u00a0AQUISI\u00c7\u00c3O DE G\u00caNEROS ALIMENT\u00cdCIOS DIVERSOS DESTINADOS \u00c0 OFERTA DE LANCHES DURANTE REUNI\u00d5ES, VISITAS T\u00c9CNICAS, CAPACITA\u00c7\u00d5ES, ENCONTROS INSTITUCIONAIS, RECEP\u00c7\u00d5ES, DATAS COMEMORATIVAS E DEMAIS ATIVIDADES OFICIAIS PROMOVIDAS PELA C\u00c2MARA MUNICIPAL E PELA PREFEITURA MUNICIPAL DE CORONEL XAVIER CHAVES, CONFORME AS NECESSIDADES DAS SECRETARIAS E DEMAIS SETORES DA ADMINISTRA\u00c7\u00c3O MUNICIPAL.\u00a0<\/b><\/p>\n<\/div>\n<div>\n<p>&nbsp;<\/p>\n<div>\n<p>*<b>PUBLICA\u00c7\u00c3O<\/b><\/p>\n<ul>\n<li>Um destaque desta publica\u00e7\u00e3o foi gerado na p\u00e1gina inicial do site, dispon\u00edvel at\u00e9 que demais publica\u00e7\u00f5es sejam realizadas.<\/li>\n<li>Uma publica\u00e7\u00e3o permanente foi feita na p\u00e1gina de Editais e Licita\u00e7\u00f5es.<\/li>\n<li>Link para acesso:\u00a0http:\/\/coronelxavierchaves.mg.gov.br\/prefeitura\/wp-json\/wp\/v2\/posts\/25725<\/li>\n<\/ul>\n<\/div>\n<\/div>\n<\/div>\n","protected":false},"excerpt":{"rendered":"<p>DOWNLOADS ATA DE REGISTRO DE PRE\u00c7OS: BRUNO, publicado em 04\/12\/2025 \u00e0s 08:40h. ATA DE REGISTRO DE PRE\u00c7OS: CAMARGOS, publicado em 04\/12\/2025 \u00e0s 08:40h. ATA DE REGISTRO DE PRE\u00c7OS: CONFIAN\u00c7A, publicado em 04\/12\/2025 \u00e0s 08:40h. ATA DE REGISTRO DE PRE\u00c7OS: GENESIS, publicado em 04\/12\/2025 \u00e0s 08:40h. ATA DE REGISTRO DE PRE\u00c7OS: RAUL, publicado em 04\/12\/2025 \u00e0s [&hellip;]<\/p>\n","protected":false},"author":3,"featured_media":4367,"comment_status":"closed","ping_status":"closed","sticky":false,"template":"","format":"standard","meta":{"footnotes":"","_links_to":"","_links_to_target":""},"categories":[139],"tags":[],"class_list":{"0":"post-25725","1":"post","2":"type-post","3":"status-publish","4":"format-standard","5":"has-post-thumbnail","7":"category-contratos-aditivos-atas-e-outros-2025"},"_links":{"self":[{"href":"https:\/\/coronelxavierchaves.mg.gov.br\/prefeitura\/wp-json\/wp\/v2\/posts\/25725","targetHints":{"allow":["GET"]}}],"collection":[{"href":"https:\/\/coronelxavierchaves.mg.gov.br\/prefeitura\/wp-json\/wp\/v2\/posts"}],"about":[{"href":"https:\/\/coronelxavierchaves.mg.gov.br\/prefeitura\/wp-json\/wp\/v2\/types\/post"}],"author":[{"embeddable":true,"href":"https:\/\/coronelxavierchaves.mg.gov.br\/prefeitura\/wp-json\/wp\/v2\/users\/3"}],"replies":[{"embeddable":true,"href":"https:\/\/coronelxavierchaves.mg.gov.br\/prefeitura\/wp-json\/wp\/v2\/comments?post=25725"}],"version-history":[{"count":1,"href":"https:\/\/coronelxavierchaves.mg.gov.br\/prefeitura\/wp-json\/wp\/v2\/posts\/25725\/revisions"}],"predecessor-version":[{"id":25732,"href":"https:\/\/coronelxavierchaves.mg.gov.br\/prefeitura\/wp-json\/wp\/v2\/posts\/25725\/revisions\/25732"}],"wp:featuredmedia":[{"embeddable":true,"href":"https:\/\/coronelxavierchaves.mg.gov.br\/prefeitura\/wp-json\/wp\/v2\/media\/4367"}],"wp:attachment":[{"href":"https:\/\/coronelxavierchaves.mg.gov.br\/prefeitura\/wp-json\/wp\/v2\/media?parent=25725"}],"wp:term":[{"taxonomy":"category","embeddable":true,"href":"https:\/\/coronelxavierchaves.mg.gov.br\/prefeitura\/wp-json\/wp\/v2\/categories?post=25725"},{"taxonomy":"post_tag","embeddable":true,"href":"https:\/\/coronelxavierchaves.mg.gov.br\/prefeitura\/wp-json\/wp\/v2\/tags?post=25725"}],"curies":[{"name":"wp","href":"https:\/\/api.w.org\/{rel}","templated":true}]}}