{"id":25734,"date":"2025-12-04T08:45:04","date_gmt":"2025-12-04T11:45:04","guid":{"rendered":"https:\/\/coronelxavierchaves.mg.gov.br\/prefeitura\/?p=25734"},"modified":"2025-12-04T08:45:04","modified_gmt":"2025-12-04T11:45:04","slug":"contrato-pl-133-2025-adesao-a-ata-de-registro-de-precos-no-003-2025-cujo-objeto-consiste-no-registro-de-precos-por-meio-de-licitacao-compartilhada-para-futura-e-eventual-aquisicao-de-computadore","status":"publish","type":"post","link":"https:\/\/coronelxavierchaves.mg.gov.br\/prefeitura\/2025\/12\/04\/contrato-pl-133-2025-adesao-a-ata-de-registro-de-precos-no-003-2025-cujo-objeto-consiste-no-registro-de-precos-por-meio-de-licitacao-compartilhada-para-futura-e-eventual-aquisicao-de-computadore\/","title":{"rendered":"Contrato (PL 133\/2025) &#8211; Ades\u00e3o \u00e0 Ata de Registro de Pre\u00e7os n\u00ba 003\/2025 cujo objeto consiste no registro de pre\u00e7os, por meio de licita\u00e7\u00e3o compartilhada, para futura e eventual aquisi\u00e7\u00e3o de computadores com monitor e computadores port\u00e1teis (notebooks)"},"content":{"rendered":"<blockquote><p>DOWNLOADS<\/p><\/blockquote>\n<ul>\n<li><a href=\"https:\/\/coronelxavierchaves.mg.gov.br\/prefeitura\/wp-content\/uploads\/2025\/12\/CONTRATO-133-2025.pdf\">CONTRATO<\/a>, publicado em 04\/12\/2025 \u00e0s 08:45h.<\/li>\n<\/ul>\n<blockquote><p>OBJETO<\/p><\/blockquote>\n<div style=\"text-align: justify;\">\n<div style=\"text-align: justify;\">\n<div style=\"text-align: justify;\">\n<div>Ades\u00e3o \u00e0 Ata de Registro de Pre\u00e7os n\u00ba 003\/2025 do CONS\u00d3RCIO INTERMUNICIPAL MULTIFINALIT\u00c1RIO DOS MUNIC\u00cdPIOS DO LAGO DE FURNAS (CIMLAGO) com a empresa ENTERPRISE COMERCIO E SOLU\u00c7\u00d5ES EM TI LTDA, origin\u00e1ria do Processo Licitat\u00f3rio n\u00ba 004\/2025 \u2013 Preg\u00e3o Eletr\u00f4nico n\u00ba 004\/2025, cujo objeto consiste no registro de pre\u00e7os, por meio de licita\u00e7\u00e3o compartilhada, para futura e eventual aquisi\u00e7\u00e3o de computadores com monitor e computadores port\u00e1teis (notebooks), destinado a atender as demandas de computadores da Secretaria Municipal de Educa\u00e7\u00e3o de Coronel Xavier Chaves\/MG.<\/div>\n<div>\n<p>&nbsp;<\/p>\n<div class=\"printshowonly\">\n<p>*<b>PUBLICA\u00c7\u00c3O<\/b><\/p>\n<ul>\n<li>Um destaque desta publica\u00e7\u00e3o foi gerado na p\u00e1gina inicial do site, dispon\u00edvel at\u00e9 que demais publica\u00e7\u00f5es sejam realizadas.<\/li>\n<li>Uma publica\u00e7\u00e3o permanente foi feita na p\u00e1gina de Editais e Licita\u00e7\u00f5es.<\/li>\n<li>Link para acesso:\u00a0http:\/\/coronelxavierchaves.mg.gov.br\/prefeitura\/wp-json\/wp\/v2\/posts\/25734<\/li>\n<\/ul>\n<\/div>\n<\/div>\n<\/div>\n<div><\/div>\n<\/div>\n<\/div>\n","protected":false},"excerpt":{"rendered":"<p>DOWNLOADS CONTRATO, publicado em 04\/12\/2025 \u00e0s 08:45h. OBJETO Ades\u00e3o \u00e0 Ata de Registro de Pre\u00e7os n\u00ba 003\/2025 do CONS\u00d3RCIO INTERMUNICIPAL MULTIFINALIT\u00c1RIO DOS MUNIC\u00cdPIOS DO LAGO DE FURNAS (CIMLAGO) com a empresa ENTERPRISE COMERCIO E SOLU\u00c7\u00d5ES EM TI LTDA, origin\u00e1ria do Processo Licitat\u00f3rio n\u00ba 004\/2025 \u2013 Preg\u00e3o Eletr\u00f4nico n\u00ba 004\/2025, cujo objeto consiste no registro de [&hellip;]<\/p>\n","protected":false},"author":3,"featured_media":4367,"comment_status":"closed","ping_status":"closed","sticky":false,"template":"","format":"standard","meta":{"footnotes":"","_links_to":"","_links_to_target":""},"categories":[139],"tags":[],"class_list":{"0":"post-25734","1":"post","2":"type-post","3":"status-publish","4":"format-standard","5":"has-post-thumbnail","7":"category-contratos-aditivos-atas-e-outros-2025"},"_links":{"self":[{"href":"https:\/\/coronelxavierchaves.mg.gov.br\/prefeitura\/wp-json\/wp\/v2\/posts\/25734","targetHints":{"allow":["GET"]}}],"collection":[{"href":"https:\/\/coronelxavierchaves.mg.gov.br\/prefeitura\/wp-json\/wp\/v2\/posts"}],"about":[{"href":"https:\/\/coronelxavierchaves.mg.gov.br\/prefeitura\/wp-json\/wp\/v2\/types\/post"}],"author":[{"embeddable":true,"href":"https:\/\/coronelxavierchaves.mg.gov.br\/prefeitura\/wp-json\/wp\/v2\/users\/3"}],"replies":[{"embeddable":true,"href":"https:\/\/coronelxavierchaves.mg.gov.br\/prefeitura\/wp-json\/wp\/v2\/comments?post=25734"}],"version-history":[{"count":1,"href":"https:\/\/coronelxavierchaves.mg.gov.br\/prefeitura\/wp-json\/wp\/v2\/posts\/25734\/revisions"}],"predecessor-version":[{"id":25737,"href":"https:\/\/coronelxavierchaves.mg.gov.br\/prefeitura\/wp-json\/wp\/v2\/posts\/25734\/revisions\/25737"}],"wp:featuredmedia":[{"embeddable":true,"href":"https:\/\/coronelxavierchaves.mg.gov.br\/prefeitura\/wp-json\/wp\/v2\/media\/4367"}],"wp:attachment":[{"href":"https:\/\/coronelxavierchaves.mg.gov.br\/prefeitura\/wp-json\/wp\/v2\/media?parent=25734"}],"wp:term":[{"taxonomy":"category","embeddable":true,"href":"https:\/\/coronelxavierchaves.mg.gov.br\/prefeitura\/wp-json\/wp\/v2\/categories?post=25734"},{"taxonomy":"post_tag","embeddable":true,"href":"https:\/\/coronelxavierchaves.mg.gov.br\/prefeitura\/wp-json\/wp\/v2\/tags?post=25734"}],"curies":[{"name":"wp","href":"https:\/\/api.w.org\/{rel}","templated":true}]}}