{"id":25739,"date":"2025-12-04T08:48:30","date_gmt":"2025-12-04T11:48:30","guid":{"rendered":"https:\/\/coronelxavierchaves.mg.gov.br\/prefeitura\/?p=25739"},"modified":"2025-12-04T08:48:30","modified_gmt":"2025-12-04T11:48:30","slug":"contrato-direto-registro-de-precos-para-futura-e-eventual-contratacao-de-empresa-para-confeccao-e-fornecimento-de-uniformes-para-alunos-cigedas","status":"publish","type":"post","link":"https:\/\/coronelxavierchaves.mg.gov.br\/prefeitura\/2025\/12\/04\/contrato-direto-registro-de-precos-para-futura-e-eventual-contratacao-de-empresa-para-confeccao-e-fornecimento-de-uniformes-para-alunos-cigedas\/","title":{"rendered":"Contrato Direto: Registro de pre\u00e7os para futura e eventual contrata\u00e7\u00e3o de empresa para confec\u00e7\u00e3o e fornecimento de Uniformes para alunos &#8211; CIGEDAS"},"content":{"rendered":"<blockquote><p>DOWNLOADS<\/p><\/blockquote>\n<ul>\n<li><a href=\"https:\/\/coronelxavierchaves.mg.gov.br\/prefeitura\/wp-content\/uploads\/2025\/12\/CONTRATO-DIRETO-M-UNIFORME-CIGEDAS.pdf\">CONTRATO<\/a>, publicado em 04\/12\/2025 \u00e0s 08:48h.<\/li>\n<\/ul>\n<blockquote><p>OBJETO<\/p><\/blockquote>\n<div style=\"text-align: justify;\">\n<div style=\"text-align: justify;\">\n<div style=\"text-align: justify;\">\n<p>Processo Licitat\u00f3rio n\u00ba 064\/2024 Preg\u00e3o Registro de Pre\u00e7o n\u00b0017\/2024, Ata de Registro de Pre\u00e7os n\u00ba 08\/2025, realizado pelo \u00f3rg\u00e3o gerenciador Cons\u00f3rcio Intermunicipal de Gest\u00e3o e Desenvolvimento Ambiental Sustent\u00e1vel das Vertentes &#8211;\u00a0Registro de pre\u00e7os para futura e eventual contrata\u00e7\u00e3o de empresa para confec\u00e7\u00e3o e fornecimento de Uniformes para alunos da rede municipal de ensino dos Munic\u00edpios que integram o CIGEDAS.<\/p>\n<\/div>\n<\/div>\n<\/div>\n","protected":false},"excerpt":{"rendered":"<p>DOWNLOADS CONTRATO, publicado em 04\/12\/2025 \u00e0s 08:48h. OBJETO Processo Licitat\u00f3rio n\u00ba 064\/2024 Preg\u00e3o Registro de Pre\u00e7o n\u00b0017\/2024, Ata de Registro de Pre\u00e7os n\u00ba 08\/2025, realizado pelo \u00f3rg\u00e3o gerenciador Cons\u00f3rcio Intermunicipal de Gest\u00e3o e Desenvolvimento Ambiental Sustent\u00e1vel das Vertentes &#8211;\u00a0Registro de pre\u00e7os para futura e eventual contrata\u00e7\u00e3o de empresa para confec\u00e7\u00e3o e fornecimento de Uniformes para [&hellip;]<\/p>\n","protected":false},"author":3,"featured_media":4367,"comment_status":"closed","ping_status":"closed","sticky":false,"template":"","format":"standard","meta":{"footnotes":"","_links_to":"","_links_to_target":""},"categories":[139],"tags":[],"class_list":{"0":"post-25739","1":"post","2":"type-post","3":"status-publish","4":"format-standard","5":"has-post-thumbnail","7":"category-contratos-aditivos-atas-e-outros-2025"},"_links":{"self":[{"href":"https:\/\/coronelxavierchaves.mg.gov.br\/prefeitura\/wp-json\/wp\/v2\/posts\/25739","targetHints":{"allow":["GET"]}}],"collection":[{"href":"https:\/\/coronelxavierchaves.mg.gov.br\/prefeitura\/wp-json\/wp\/v2\/posts"}],"about":[{"href":"https:\/\/coronelxavierchaves.mg.gov.br\/prefeitura\/wp-json\/wp\/v2\/types\/post"}],"author":[{"embeddable":true,"href":"https:\/\/coronelxavierchaves.mg.gov.br\/prefeitura\/wp-json\/wp\/v2\/users\/3"}],"replies":[{"embeddable":true,"href":"https:\/\/coronelxavierchaves.mg.gov.br\/prefeitura\/wp-json\/wp\/v2\/comments?post=25739"}],"version-history":[{"count":1,"href":"https:\/\/coronelxavierchaves.mg.gov.br\/prefeitura\/wp-json\/wp\/v2\/posts\/25739\/revisions"}],"predecessor-version":[{"id":25741,"href":"https:\/\/coronelxavierchaves.mg.gov.br\/prefeitura\/wp-json\/wp\/v2\/posts\/25739\/revisions\/25741"}],"wp:featuredmedia":[{"embeddable":true,"href":"https:\/\/coronelxavierchaves.mg.gov.br\/prefeitura\/wp-json\/wp\/v2\/media\/4367"}],"wp:attachment":[{"href":"https:\/\/coronelxavierchaves.mg.gov.br\/prefeitura\/wp-json\/wp\/v2\/media?parent=25739"}],"wp:term":[{"taxonomy":"category","embeddable":true,"href":"https:\/\/coronelxavierchaves.mg.gov.br\/prefeitura\/wp-json\/wp\/v2\/categories?post=25739"},{"taxonomy":"post_tag","embeddable":true,"href":"https:\/\/coronelxavierchaves.mg.gov.br\/prefeitura\/wp-json\/wp\/v2\/tags?post=25739"}],"curies":[{"name":"wp","href":"https:\/\/api.w.org\/{rel}","templated":true}]}}