{"id":25742,"date":"2025-12-04T08:51:07","date_gmt":"2025-12-04T11:51:07","guid":{"rendered":"https:\/\/coronelxavierchaves.mg.gov.br\/prefeitura\/?p=25742"},"modified":"2025-12-04T08:51:07","modified_gmt":"2025-12-04T11:51:07","slug":"contrato-pl-128-2025-adesao-a-ata-de-registro-de-precos-para-a-aquisicao-de-01-um-veiculo-automotor-zero-quilometro","status":"publish","type":"post","link":"https:\/\/coronelxavierchaves.mg.gov.br\/prefeitura\/2025\/12\/04\/contrato-pl-128-2025-adesao-a-ata-de-registro-de-precos-para-a-aquisicao-de-01-um-veiculo-automotor-zero-quilometro\/","title":{"rendered":"Contrato (PL 128\/2025) &#8211; Ades\u00e3o \u00e0 Ata de Registro de Pre\u00e7os para a aquisi\u00e7\u00e3o de 01 (um) ve\u00edculo automotor zero quil\u00f4metro"},"content":{"rendered":"<blockquote><p>DOWNLOADS<\/p><\/blockquote>\n<ul>\n<li><a href=\"https:\/\/coronelxavierchaves.mg.gov.br\/prefeitura\/wp-content\/uploads\/2025\/12\/CONTRATO-128-2025.pdf\">CONTRATO<\/a>, publicado em 04\/12\/2025 \u00e0s 08:51h.<\/li>\n<\/ul>\n<blockquote><p>OBJETO<\/p><\/blockquote>\n<div style=\"text-align: justify;\">\n<div style=\"text-align: justify;\">\n<div style=\"text-align: justify;\">\n<div><b>ADES\u00c3O \u00c0 ATA DE REGISTRO DE PRE\u00c7OS N\u00ba 23\/2024, DO CONS\u00d3RCIO INTEGRADO MULTIFINALIT\u00c1RIO DO VALE DO JEQUITINHONHA \u2013 CIM JEQUITINHONHA, PARA A AQUISI\u00c7\u00c3O DE 01 (UM) VE\u00cdCULO AUTOMOTOR ZERO QUIL\u00d4METRO, COM CAPACIDADE M\u00cdNIMA PARA SETE LUGARES, DESTINADO A ATENDER AS DEMANDAS PEDAG\u00d3GICAS DA ESCOLA MUNICIPAL E DA SECRETARIA MUNICIPAL DE EDUCA\u00c7\u00c3O DE CORONEL XAVIER CHAVES\/MG<\/b>.<\/div>\n<div>\n<p>&nbsp;<\/p>\n<div class=\"printshowonly\">\n<p>*<b>PUBLICA\u00c7\u00c3O<\/b><\/p>\n<ul>\n<li>Um destaque desta publica\u00e7\u00e3o foi gerado na p\u00e1gina inicial do site, dispon\u00edvel at\u00e9 que demais publica\u00e7\u00f5es sejam realizadas.<\/li>\n<li>Uma publica\u00e7\u00e3o permanente foi feita na p\u00e1gina de Editais e Licita\u00e7\u00f5es.<\/li>\n<li>Link para acesso:\u00a0http:\/\/coronelxavierchaves.mg.gov.br\/prefeitura\/wp-json\/wp\/v2\/posts\/25742<\/li>\n<\/ul>\n<\/div>\n<\/div>\n<\/div>\n<div><\/div>\n<\/div>\n<\/div>\n","protected":false},"excerpt":{"rendered":"<p>DOWNLOADS CONTRATO, publicado em 04\/12\/2025 \u00e0s 08:51h. OBJETO ADES\u00c3O \u00c0 ATA DE REGISTRO DE PRE\u00c7OS N\u00ba 23\/2024, DO CONS\u00d3RCIO INTEGRADO MULTIFINALIT\u00c1RIO DO VALE DO JEQUITINHONHA \u2013 CIM JEQUITINHONHA, PARA A AQUISI\u00c7\u00c3O DE 01 (UM) VE\u00cdCULO AUTOMOTOR ZERO QUIL\u00d4METRO, COM CAPACIDADE M\u00cdNIMA PARA SETE LUGARES, DESTINADO A ATENDER AS DEMANDAS PEDAG\u00d3GICAS DA ESCOLA MUNICIPAL E DA [&hellip;]<\/p>\n","protected":false},"author":3,"featured_media":4367,"comment_status":"closed","ping_status":"closed","sticky":false,"template":"","format":"standard","meta":{"footnotes":"","_links_to":"","_links_to_target":""},"categories":[139],"tags":[],"class_list":{"0":"post-25742","1":"post","2":"type-post","3":"status-publish","4":"format-standard","5":"has-post-thumbnail","7":"category-contratos-aditivos-atas-e-outros-2025"},"_links":{"self":[{"href":"https:\/\/coronelxavierchaves.mg.gov.br\/prefeitura\/wp-json\/wp\/v2\/posts\/25742","targetHints":{"allow":["GET"]}}],"collection":[{"href":"https:\/\/coronelxavierchaves.mg.gov.br\/prefeitura\/wp-json\/wp\/v2\/posts"}],"about":[{"href":"https:\/\/coronelxavierchaves.mg.gov.br\/prefeitura\/wp-json\/wp\/v2\/types\/post"}],"author":[{"embeddable":true,"href":"https:\/\/coronelxavierchaves.mg.gov.br\/prefeitura\/wp-json\/wp\/v2\/users\/3"}],"replies":[{"embeddable":true,"href":"https:\/\/coronelxavierchaves.mg.gov.br\/prefeitura\/wp-json\/wp\/v2\/comments?post=25742"}],"version-history":[{"count":1,"href":"https:\/\/coronelxavierchaves.mg.gov.br\/prefeitura\/wp-json\/wp\/v2\/posts\/25742\/revisions"}],"predecessor-version":[{"id":25744,"href":"https:\/\/coronelxavierchaves.mg.gov.br\/prefeitura\/wp-json\/wp\/v2\/posts\/25742\/revisions\/25744"}],"wp:featuredmedia":[{"embeddable":true,"href":"https:\/\/coronelxavierchaves.mg.gov.br\/prefeitura\/wp-json\/wp\/v2\/media\/4367"}],"wp:attachment":[{"href":"https:\/\/coronelxavierchaves.mg.gov.br\/prefeitura\/wp-json\/wp\/v2\/media?parent=25742"}],"wp:term":[{"taxonomy":"category","embeddable":true,"href":"https:\/\/coronelxavierchaves.mg.gov.br\/prefeitura\/wp-json\/wp\/v2\/categories?post=25742"},{"taxonomy":"post_tag","embeddable":true,"href":"https:\/\/coronelxavierchaves.mg.gov.br\/prefeitura\/wp-json\/wp\/v2\/tags?post=25742"}],"curies":[{"name":"wp","href":"https:\/\/api.w.org\/{rel}","templated":true}]}}