{"id":25747,"date":"2025-12-04T08:53:08","date_gmt":"2025-12-04T11:53:08","guid":{"rendered":"https:\/\/coronelxavierchaves.mg.gov.br\/prefeitura\/?p=25747"},"modified":"2025-12-04T08:53:08","modified_gmt":"2025-12-04T11:53:08","slug":"contrato-direto-contratacao-de-empresa-especializada-para-fornecimento-de-aparelho-de-ar-condicionado-cigedas","status":"publish","type":"post","link":"https:\/\/coronelxavierchaves.mg.gov.br\/prefeitura\/2025\/12\/04\/contrato-direto-contratacao-de-empresa-especializada-para-fornecimento-de-aparelho-de-ar-condicionado-cigedas\/","title":{"rendered":"Contrato Direto: Contrata\u00e7\u00e3o de empresa especializada para fornecimento de Aparelho de Ar Condicionado &#8211; CIGEDAS"},"content":{"rendered":"<blockquote><p>DOWNLOADS<\/p><\/blockquote>\n<ul>\n<li><a href=\"https:\/\/coronelxavierchaves.mg.gov.br\/prefeitura\/wp-content\/uploads\/2025\/12\/CONTRATO-DIRETO-AR-CONDICIONADO.pdf\">CONTRATO<\/a>, publicado em 04\/12\/2025 \u00e0s 08:53h.<\/li>\n<\/ul>\n<blockquote><p>OBJETO<\/p><\/blockquote>\n<div style=\"text-align: justify;\">\n<div style=\"text-align: justify;\">\n<div style=\"text-align: justify;\">\n<p><span lang=\"PT\">Contrata\u00e7\u00e3o de empresa especializada para fornecimento de Aparelho de Ar Condicionado em atendimento \u00e0s necessidades da Secretaria Municipal de Educa\u00e7\u00e3o\u00a0nas condi\u00e7\u00f5es definidas no ato convocat\u00f3rio, seus anexos e propostas de pre\u00e7os referente ao\u00a0<\/span>Processo Licitat\u00f3rio N\u00ba 20\/2025, Preg\u00e3o Eletr\u00f4nico N\u00ba 01\/2025 realizado pelo CIGEDAS.<\/p>\n<\/div>\n<\/div>\n<\/div>\n","protected":false},"excerpt":{"rendered":"<p>DOWNLOADS CONTRATO, publicado em 04\/12\/2025 \u00e0s 08:53h. OBJETO Contrata\u00e7\u00e3o de empresa especializada para fornecimento de Aparelho de Ar Condicionado em atendimento \u00e0s necessidades da Secretaria Municipal de Educa\u00e7\u00e3o\u00a0nas condi\u00e7\u00f5es definidas no ato convocat\u00f3rio, seus anexos e propostas de pre\u00e7os referente ao\u00a0Processo Licitat\u00f3rio N\u00ba 20\/2025, Preg\u00e3o Eletr\u00f4nico N\u00ba 01\/2025 realizado pelo CIGEDAS.<\/p>\n","protected":false},"author":3,"featured_media":4367,"comment_status":"closed","ping_status":"closed","sticky":false,"template":"","format":"standard","meta":{"footnotes":"","_links_to":"","_links_to_target":""},"categories":[139],"tags":[],"class_list":{"0":"post-25747","1":"post","2":"type-post","3":"status-publish","4":"format-standard","5":"has-post-thumbnail","7":"category-contratos-aditivos-atas-e-outros-2025"},"_links":{"self":[{"href":"https:\/\/coronelxavierchaves.mg.gov.br\/prefeitura\/wp-json\/wp\/v2\/posts\/25747","targetHints":{"allow":["GET"]}}],"collection":[{"href":"https:\/\/coronelxavierchaves.mg.gov.br\/prefeitura\/wp-json\/wp\/v2\/posts"}],"about":[{"href":"https:\/\/coronelxavierchaves.mg.gov.br\/prefeitura\/wp-json\/wp\/v2\/types\/post"}],"author":[{"embeddable":true,"href":"https:\/\/coronelxavierchaves.mg.gov.br\/prefeitura\/wp-json\/wp\/v2\/users\/3"}],"replies":[{"embeddable":true,"href":"https:\/\/coronelxavierchaves.mg.gov.br\/prefeitura\/wp-json\/wp\/v2\/comments?post=25747"}],"version-history":[{"count":1,"href":"https:\/\/coronelxavierchaves.mg.gov.br\/prefeitura\/wp-json\/wp\/v2\/posts\/25747\/revisions"}],"predecessor-version":[{"id":25749,"href":"https:\/\/coronelxavierchaves.mg.gov.br\/prefeitura\/wp-json\/wp\/v2\/posts\/25747\/revisions\/25749"}],"wp:featuredmedia":[{"embeddable":true,"href":"https:\/\/coronelxavierchaves.mg.gov.br\/prefeitura\/wp-json\/wp\/v2\/media\/4367"}],"wp:attachment":[{"href":"https:\/\/coronelxavierchaves.mg.gov.br\/prefeitura\/wp-json\/wp\/v2\/media?parent=25747"}],"wp:term":[{"taxonomy":"category","embeddable":true,"href":"https:\/\/coronelxavierchaves.mg.gov.br\/prefeitura\/wp-json\/wp\/v2\/categories?post=25747"},{"taxonomy":"post_tag","embeddable":true,"href":"https:\/\/coronelxavierchaves.mg.gov.br\/prefeitura\/wp-json\/wp\/v2\/tags?post=25747"}],"curies":[{"name":"wp","href":"https:\/\/api.w.org\/{rel}","templated":true}]}}