{"id":25762,"date":"2025-12-04T09:48:08","date_gmt":"2025-12-04T12:48:08","guid":{"rendered":"https:\/\/coronelxavierchaves.mg.gov.br\/prefeitura\/?p=25762"},"modified":"2025-12-04T09:48:08","modified_gmt":"2025-12-04T12:48:08","slug":"atas-de-registro-de-precos-pl-121-2025-registro-de-precos-visando-a-futura-e-eventual-aquisicao-de-pneus-novos-de-primeiro-uso-para-a-manutencao-da-frota-de-veiculos","status":"publish","type":"post","link":"https:\/\/coronelxavierchaves.mg.gov.br\/prefeitura\/2025\/12\/04\/atas-de-registro-de-precos-pl-121-2025-registro-de-precos-visando-a-futura-e-eventual-aquisicao-de-pneus-novos-de-primeiro-uso-para-a-manutencao-da-frota-de-veiculos\/","title":{"rendered":"Atas de registro de pre\u00e7os (PL 121\/2025) &#8211; Registro De Pre\u00e7os, Visando \u00c0 Futura E Eventual Aquisi\u00e7\u00e3o De Pneus Novos, De Primeiro Uso, Para A Manuten\u00e7\u00e3o Da Frota De Ve\u00edculos&#8230;"},"content":{"rendered":"<blockquote><p>DOWNLOADS<\/p><\/blockquote>\n<ul>\n<li><a href=\"https:\/\/coronelxavierchaves.mg.gov.br\/prefeitura\/wp-content\/uploads\/2025\/12\/BAVIERA-121-2025.pdf\">ATA DE REGISTRO DE PRE\u00c7OS: BAVIERA<\/a>, publicado em 04\/12\/2025 \u00e0s 09:48h.<\/li>\n<li><a href=\"https:\/\/coronelxavierchaves.mg.gov.br\/prefeitura\/wp-content\/uploads\/2025\/12\/COPAL-121-2025.pdf\">ATA DE REGISTRO DE PRE\u00c7OS: COPAL<\/a>, publicado em 04\/12\/2025 \u00e0s 09:48h.<\/li>\n<li><a href=\"https:\/\/coronelxavierchaves.mg.gov.br\/prefeitura\/wp-content\/uploads\/2025\/12\/DEL-REY-121-2025.pdf\">ATA DE REGISTRO DE PRE\u00c7OS: DEL REY<\/a>, publicado em 04\/12\/2025 \u00e0s 09:48h.<\/li>\n<li><a href=\"https:\/\/coronelxavierchaves.mg.gov.br\/prefeitura\/wp-content\/uploads\/2025\/12\/DRUMOND-121-2025.pdf\">ATA DE REGISTRO DE PRE\u00c7OS: DRUMOND<\/a>, publicado em 04\/12\/2025 \u00e0s 09:48h.<\/li>\n<li><a href=\"https:\/\/coronelxavierchaves.mg.gov.br\/prefeitura\/wp-content\/uploads\/2025\/12\/RAVI-121-2025.pdf\">ATA DE REGISTRO DE PRE\u00c7OS: RAVI<\/a>, publicado em 04\/12\/2025 \u00e0s 09:48h.<\/li>\n<\/ul>\n<blockquote><p>OBJETO<\/p><\/blockquote>\n<div style=\"text-align: justify;\">\n<div style=\"text-align: justify;\">\n<p><a name=\"m_4597681209559966441_m_-6358778530901286204__Hlk211265141\"><\/a><b>REGISTRO DE PRE\u00c7OS, VISANDO \u00c0 FUTURA E EVENTUAL AQUISI\u00c7\u00c3O DE\u00a0PNEUS NOVOS, DE PRIMEIRO USO, PARA A MANUTEN\u00c7\u00c3O DA FROTA DE VE\u00cdCULOS PERTENCENTES AO MUNIC\u00cdPIO DE CORONEL XAVIER CHAVES\/MG.<\/b><\/p>\n<\/div>\n<div>\n<p>&nbsp;<\/p>\n<div>\n<p>*<b>PUBLICA\u00c7\u00c3O<\/b><\/p>\n<ul>\n<li>Um destaque desta publica\u00e7\u00e3o foi gerado na p\u00e1gina inicial do site, dispon\u00edvel at\u00e9 que demais publica\u00e7\u00f5es sejam realizadas.<\/li>\n<li>Uma publica\u00e7\u00e3o permanente foi feita na p\u00e1gina de Editais e Licita\u00e7\u00f5es.<\/li>\n<li>Link para acesso:\u00a0http:\/\/coronelxavierchaves.mg.gov.br\/prefeitura\/wp-json\/wp\/v2\/posts\/25762<\/li>\n<\/ul>\n<\/div>\n<\/div>\n<\/div>\n","protected":false},"excerpt":{"rendered":"<p>DOWNLOADS ATA DE REGISTRO DE PRE\u00c7OS: BAVIERA, publicado em 04\/12\/2025 \u00e0s 09:48h. ATA DE REGISTRO DE PRE\u00c7OS: COPAL, publicado em 04\/12\/2025 \u00e0s 09:48h. ATA DE REGISTRO DE PRE\u00c7OS: DEL REY, publicado em 04\/12\/2025 \u00e0s 09:48h. ATA DE REGISTRO DE PRE\u00c7OS: DRUMOND, publicado em 04\/12\/2025 \u00e0s 09:48h. ATA DE REGISTRO DE PRE\u00c7OS: RAVI, publicado em 04\/12\/2025 [&hellip;]<\/p>\n","protected":false},"author":3,"featured_media":4367,"comment_status":"closed","ping_status":"closed","sticky":false,"template":"","format":"standard","meta":{"footnotes":"","_links_to":"","_links_to_target":""},"categories":[139],"tags":[],"class_list":{"0":"post-25762","1":"post","2":"type-post","3":"status-publish","4":"format-standard","5":"has-post-thumbnail","7":"category-contratos-aditivos-atas-e-outros-2025"},"_links":{"self":[{"href":"https:\/\/coronelxavierchaves.mg.gov.br\/prefeitura\/wp-json\/wp\/v2\/posts\/25762","targetHints":{"allow":["GET"]}}],"collection":[{"href":"https:\/\/coronelxavierchaves.mg.gov.br\/prefeitura\/wp-json\/wp\/v2\/posts"}],"about":[{"href":"https:\/\/coronelxavierchaves.mg.gov.br\/prefeitura\/wp-json\/wp\/v2\/types\/post"}],"author":[{"embeddable":true,"href":"https:\/\/coronelxavierchaves.mg.gov.br\/prefeitura\/wp-json\/wp\/v2\/users\/3"}],"replies":[{"embeddable":true,"href":"https:\/\/coronelxavierchaves.mg.gov.br\/prefeitura\/wp-json\/wp\/v2\/comments?post=25762"}],"version-history":[{"count":1,"href":"https:\/\/coronelxavierchaves.mg.gov.br\/prefeitura\/wp-json\/wp\/v2\/posts\/25762\/revisions"}],"predecessor-version":[{"id":25768,"href":"https:\/\/coronelxavierchaves.mg.gov.br\/prefeitura\/wp-json\/wp\/v2\/posts\/25762\/revisions\/25768"}],"wp:featuredmedia":[{"embeddable":true,"href":"https:\/\/coronelxavierchaves.mg.gov.br\/prefeitura\/wp-json\/wp\/v2\/media\/4367"}],"wp:attachment":[{"href":"https:\/\/coronelxavierchaves.mg.gov.br\/prefeitura\/wp-json\/wp\/v2\/media?parent=25762"}],"wp:term":[{"taxonomy":"category","embeddable":true,"href":"https:\/\/coronelxavierchaves.mg.gov.br\/prefeitura\/wp-json\/wp\/v2\/categories?post=25762"},{"taxonomy":"post_tag","embeddable":true,"href":"https:\/\/coronelxavierchaves.mg.gov.br\/prefeitura\/wp-json\/wp\/v2\/tags?post=25762"}],"curies":[{"name":"wp","href":"https:\/\/api.w.org\/{rel}","templated":true}]}}