{"id":25775,"date":"2025-12-04T10:00:49","date_gmt":"2025-12-04T13:00:49","guid":{"rendered":"https:\/\/coronelxavierchaves.mg.gov.br\/prefeitura\/?p=25775"},"modified":"2025-12-04T10:01:27","modified_gmt":"2025-12-04T13:01:27","slug":"contrato-direto-contratacao-de-empresa-especializada-para-prestacao-de-servicos-de-pavimentacao-asfaltica-em-cbuq-e-em-pedra-micro-revestimento-recapeamento-tapa","status":"publish","type":"post","link":"https:\/\/coronelxavierchaves.mg.gov.br\/prefeitura\/2025\/12\/04\/contrato-direto-contratacao-de-empresa-especializada-para-prestacao-de-servicos-de-pavimentacao-asfaltica-em-cbuq-e-em-pedra-micro-revestimento-recapeamento-tapa\/","title":{"rendered":"Contrato Direto: Contrata\u00e7\u00e3o de empresa especializada para presta\u00e7\u00e3o de servi\u00e7os de pavimenta\u00e7\u00e3o asf\u00e1ltica em CBUQ e em pedra, micro revestimento, recapeamento, tapa buraco, drenagem, galerias e conten\u00e7\u00e3o &#8211; LOREDO"},"content":{"rendered":"<blockquote><p>DOWNLOADS<\/p><\/blockquote>\n<ul>\n<li><a href=\"https:\/\/coronelxavierchaves.mg.gov.br\/prefeitura\/wp-content\/uploads\/2025\/12\/CONTRATO-LOREDO-CIGEDAS.pdf\">CONTRATO<\/a>, publicado em 04\/12\/2025 \u00e0s 10:00h.<\/li>\n<\/ul>\n<blockquote><p>OBJETO<\/p><\/blockquote>\n<div style=\"text-align: justify;\">\n<div style=\"text-align: justify;\">\n<div style=\"text-align: justify;\"><b>Contrata\u00e7\u00e3o de empresa especializada para presta\u00e7\u00e3o de servi\u00e7os de pavimenta\u00e7\u00e3o asf\u00e1ltica em CBUQ\u00a0e\u00a0em\u00a0pedra,\u00a0micro\u00a0revesti<wbr \/>mento,\u00a0recapeamento,\u00a0tapa\u00a0bura<wbr \/>co,\u00a0drenagem,\u00a0galerias\u00a0e\u00a0conte<wbr \/>n\u00e7\u00e3o\u00a0em atendimento\u00a0\u00e0\u00a0demanda\u00a0dos\u00a0muni<wbr \/>c\u00edpios\u00a0consorciados\u00a0ao\u00a0CIGEDAS<wbr \/>\u00a0Vertentes,\u00a0nas\u00a0condi\u00e7\u00f5es\u00a0defi<wbr \/>nidas no ato convocat\u00f3rio, seus anexos e propostas de pre\u00e7os.<\/b><span lang=\"PT\">\u00a0<\/span><\/div>\n<\/div>\n<\/div>\n","protected":false},"excerpt":{"rendered":"<p>DOWNLOADS CONTRATO, publicado em 04\/12\/2025 \u00e0s 10:00h. OBJETO Contrata\u00e7\u00e3o de empresa especializada para presta\u00e7\u00e3o de servi\u00e7os de pavimenta\u00e7\u00e3o asf\u00e1ltica em CBUQ\u00a0e\u00a0em\u00a0pedra,\u00a0micro\u00a0revestimento,\u00a0recapeamento,\u00a0tapa\u00a0buraco,\u00a0drenagem,\u00a0galerias\u00a0e\u00a0conten\u00e7\u00e3o\u00a0em atendimento\u00a0\u00e0\u00a0demanda\u00a0dos\u00a0munic\u00edpios\u00a0consorciados\u00a0ao\u00a0CIGEDAS\u00a0Vertentes,\u00a0nas\u00a0condi\u00e7\u00f5es\u00a0definidas no ato convocat\u00f3rio, seus anexos e propostas de pre\u00e7os.\u00a0<\/p>\n","protected":false},"author":3,"featured_media":4367,"comment_status":"closed","ping_status":"closed","sticky":false,"template":"","format":"standard","meta":{"footnotes":"","_links_to":"","_links_to_target":""},"categories":[139],"tags":[],"class_list":{"0":"post-25775","1":"post","2":"type-post","3":"status-publish","4":"format-standard","5":"has-post-thumbnail","7":"category-contratos-aditivos-atas-e-outros-2025"},"_links":{"self":[{"href":"https:\/\/coronelxavierchaves.mg.gov.br\/prefeitura\/wp-json\/wp\/v2\/posts\/25775","targetHints":{"allow":["GET"]}}],"collection":[{"href":"https:\/\/coronelxavierchaves.mg.gov.br\/prefeitura\/wp-json\/wp\/v2\/posts"}],"about":[{"href":"https:\/\/coronelxavierchaves.mg.gov.br\/prefeitura\/wp-json\/wp\/v2\/types\/post"}],"author":[{"embeddable":true,"href":"https:\/\/coronelxavierchaves.mg.gov.br\/prefeitura\/wp-json\/wp\/v2\/users\/3"}],"replies":[{"embeddable":true,"href":"https:\/\/coronelxavierchaves.mg.gov.br\/prefeitura\/wp-json\/wp\/v2\/comments?post=25775"}],"version-history":[{"count":2,"href":"https:\/\/coronelxavierchaves.mg.gov.br\/prefeitura\/wp-json\/wp\/v2\/posts\/25775\/revisions"}],"predecessor-version":[{"id":25778,"href":"https:\/\/coronelxavierchaves.mg.gov.br\/prefeitura\/wp-json\/wp\/v2\/posts\/25775\/revisions\/25778"}],"wp:featuredmedia":[{"embeddable":true,"href":"https:\/\/coronelxavierchaves.mg.gov.br\/prefeitura\/wp-json\/wp\/v2\/media\/4367"}],"wp:attachment":[{"href":"https:\/\/coronelxavierchaves.mg.gov.br\/prefeitura\/wp-json\/wp\/v2\/media?parent=25775"}],"wp:term":[{"taxonomy":"category","embeddable":true,"href":"https:\/\/coronelxavierchaves.mg.gov.br\/prefeitura\/wp-json\/wp\/v2\/categories?post=25775"},{"taxonomy":"post_tag","embeddable":true,"href":"https:\/\/coronelxavierchaves.mg.gov.br\/prefeitura\/wp-json\/wp\/v2\/tags?post=25775"}],"curies":[{"name":"wp","href":"https:\/\/api.w.org\/{rel}","templated":true}]}}