{"id":25784,"date":"2025-12-04T10:06:50","date_gmt":"2025-12-04T13:06:50","guid":{"rendered":"https:\/\/coronelxavierchaves.mg.gov.br\/prefeitura\/?p=25784"},"modified":"2025-12-04T10:06:50","modified_gmt":"2025-12-04T13:06:50","slug":"contrato-pl-132-2025-contratacao-de-empresa-especializada-para-prestacao-de-servicos-de-fotografia-profissional","status":"publish","type":"post","link":"https:\/\/coronelxavierchaves.mg.gov.br\/prefeitura\/2025\/12\/04\/contrato-pl-132-2025-contratacao-de-empresa-especializada-para-prestacao-de-servicos-de-fotografia-profissional\/","title":{"rendered":"Contrato (PL 132\/2025) &#8211; Contrata\u00e7\u00e3o de empresa especializada para presta\u00e7\u00e3o de servi\u00e7os de fotografia profissional"},"content":{"rendered":"<blockquote><p>DOWNLOADS<\/p><\/blockquote>\n<ul>\n<li><a href=\"https:\/\/coronelxavierchaves.mg.gov.br\/prefeitura\/wp-content\/uploads\/2025\/12\/CONTRATO-FABRICIA-132-2025.pdf\">CONTRATO<\/a>, publicado em 04\/12\/2025 \u00e0s 10:07h.<\/li>\n<\/ul>\n<blockquote><p>OBJETO<\/p><\/blockquote>\n<div style=\"text-align: justify;\">\n<div style=\"text-align: justify;\">\n<div style=\"text-align: justify;\">\n<div><b>CONTRATA\u00c7\u00c3O DE EMPRESA ESPECIALIZADA PARA PRESTA\u00c7\u00c3O DE SERVI\u00c7OS DE FOTOGRAFIA PROFISSIONAL, CONFEC\u00c7\u00c3O DE RECORDA\u00c7\u00d5ES ESCOLARES E FILMAGEM DA FORMATURA DA EDUCA\u00c7\u00c3O INFANTIL E DO 5\u00ba ANO DO ENSINO FUNDAMENTAL DA ESCOLA MUNICIPAL \u201cSEBASTI\u00c3O PATR\u00cdCIO PINTO\u201d.<\/b><\/div>\n<div>\n<p>&nbsp;<\/p>\n<div class=\"printshowonly\">\n<p>*<b>PUBLICA\u00c7\u00c3O<\/b><\/p>\n<ul>\n<li>Um destaque desta publica\u00e7\u00e3o foi gerado na p\u00e1gina inicial do site, dispon\u00edvel at\u00e9 que demais publica\u00e7\u00f5es sejam realizadas.<\/li>\n<li>Uma publica\u00e7\u00e3o permanente foi feita na p\u00e1gina de Editais e Licita\u00e7\u00f5es.<\/li>\n<li>Link para acesso:\u00a0http:\/\/coronelxavierchaves.mg.gov.br\/prefeitura\/wp-json\/wp\/v2\/posts\/25784<\/li>\n<\/ul>\n<\/div>\n<\/div>\n<\/div>\n<div><\/div>\n<\/div>\n<\/div>\n","protected":false},"excerpt":{"rendered":"<p>DOWNLOADS CONTRATO, publicado em 04\/12\/2025 \u00e0s 10:07h. OBJETO CONTRATA\u00c7\u00c3O DE EMPRESA ESPECIALIZADA PARA PRESTA\u00c7\u00c3O DE SERVI\u00c7OS DE FOTOGRAFIA PROFISSIONAL, CONFEC\u00c7\u00c3O DE RECORDA\u00c7\u00d5ES ESCOLARES E FILMAGEM DA FORMATURA DA EDUCA\u00c7\u00c3O INFANTIL E DO 5\u00ba ANO DO ENSINO FUNDAMENTAL DA ESCOLA MUNICIPAL \u201cSEBASTI\u00c3O PATR\u00cdCIO PINTO\u201d. &nbsp; *PUBLICA\u00c7\u00c3O Um destaque desta publica\u00e7\u00e3o foi gerado na p\u00e1gina inicial do [&hellip;]<\/p>\n","protected":false},"author":3,"featured_media":4367,"comment_status":"closed","ping_status":"closed","sticky":false,"template":"","format":"standard","meta":{"footnotes":"","_links_to":"","_links_to_target":""},"categories":[139],"tags":[],"class_list":{"0":"post-25784","1":"post","2":"type-post","3":"status-publish","4":"format-standard","5":"has-post-thumbnail","7":"category-contratos-aditivos-atas-e-outros-2025"},"_links":{"self":[{"href":"https:\/\/coronelxavierchaves.mg.gov.br\/prefeitura\/wp-json\/wp\/v2\/posts\/25784","targetHints":{"allow":["GET"]}}],"collection":[{"href":"https:\/\/coronelxavierchaves.mg.gov.br\/prefeitura\/wp-json\/wp\/v2\/posts"}],"about":[{"href":"https:\/\/coronelxavierchaves.mg.gov.br\/prefeitura\/wp-json\/wp\/v2\/types\/post"}],"author":[{"embeddable":true,"href":"https:\/\/coronelxavierchaves.mg.gov.br\/prefeitura\/wp-json\/wp\/v2\/users\/3"}],"replies":[{"embeddable":true,"href":"https:\/\/coronelxavierchaves.mg.gov.br\/prefeitura\/wp-json\/wp\/v2\/comments?post=25784"}],"version-history":[{"count":1,"href":"https:\/\/coronelxavierchaves.mg.gov.br\/prefeitura\/wp-json\/wp\/v2\/posts\/25784\/revisions"}],"predecessor-version":[{"id":25787,"href":"https:\/\/coronelxavierchaves.mg.gov.br\/prefeitura\/wp-json\/wp\/v2\/posts\/25784\/revisions\/25787"}],"wp:featuredmedia":[{"embeddable":true,"href":"https:\/\/coronelxavierchaves.mg.gov.br\/prefeitura\/wp-json\/wp\/v2\/media\/4367"}],"wp:attachment":[{"href":"https:\/\/coronelxavierchaves.mg.gov.br\/prefeitura\/wp-json\/wp\/v2\/media?parent=25784"}],"wp:term":[{"taxonomy":"category","embeddable":true,"href":"https:\/\/coronelxavierchaves.mg.gov.br\/prefeitura\/wp-json\/wp\/v2\/categories?post=25784"},{"taxonomy":"post_tag","embeddable":true,"href":"https:\/\/coronelxavierchaves.mg.gov.br\/prefeitura\/wp-json\/wp\/v2\/tags?post=25784"}],"curies":[{"name":"wp","href":"https:\/\/api.w.org\/{rel}","templated":true}]}}