{"id":26121,"date":"2025-12-30T15:45:05","date_gmt":"2025-12-30T18:45:05","guid":{"rendered":"https:\/\/coronelxavierchaves.mg.gov.br\/prefeitura\/?p=26121"},"modified":"2025-12-30T15:45:05","modified_gmt":"2025-12-30T18:45:05","slug":"3o-termo-aditivo-pl-86-2023-contratacao-de-empresa-para-prestacao-de-servicos-especializados-em-digitalizacao-de-documentos-gestao-documental-organizacao-recuperacao-e-higienizacao-de-documentos","status":"publish","type":"post","link":"https:\/\/coronelxavierchaves.mg.gov.br\/prefeitura\/2025\/12\/30\/3o-termo-aditivo-pl-86-2023-contratacao-de-empresa-para-prestacao-de-servicos-especializados-em-digitalizacao-de-documentos-gestao-documental-organizacao-recuperacao-e-higienizacao-de-documentos\/","title":{"rendered":"3\u00ba Termo Aditivo (PL 86\/2023) Contrata\u00e7\u00e3o de empresa para presta\u00e7\u00e3o de servi\u00e7os especializados em digitaliza\u00e7\u00e3o de documentos, gest\u00e3o documental, organiza\u00e7\u00e3o, recupera\u00e7\u00e3o e higieniza\u00e7\u00e3o de documentos"},"content":{"rendered":"<blockquote><p>DOWNLOADS<\/p><\/blockquote>\n<ul>\n<li><a href=\"https:\/\/coronelxavierchaves.mg.gov.br\/prefeitura\/wp-content\/uploads\/2025\/12\/3o-TERMO-DE-ADITAMENTO-FREITAS-86-2023.pdf\">3\u00ba TERMO ADITIVO<\/a>, publicado em 30\/12\/2025 \u00e0s 15:45h.<\/li>\n<\/ul>\n<blockquote><p>OBJETO<\/p><\/blockquote>\n<div style=\"text-align: justify;\">\n<div style=\"text-align: justify;\"><b><u>CONTRATA\u00c7\u00c3O DE EMPRESA PARA PRESTA\u00c7\u00c3O DE SERVI\u00c7OS ESPECIALIZADOS EM DIGITALIZA\u00c7\u00c3O DE DOCUMENTOS, GEST\u00c3O DOCUMENTAL, ORGANIZA\u00c7\u00c3O, RECUPERA\u00c7\u00c3O E HIGIENIZA\u00c7\u00c3O DE DOCUMENTOS<\/u>.\u00a0<\/b><\/div>\n<\/div>\n<p>&nbsp;<\/p>\n<div class=\"printshowonly\">\n<p>*<b>PUBLICA\u00c7\u00c3O<\/b><\/p>\n<ul>\n<li>Um destaque desta publica\u00e7\u00e3o foi gerado na p\u00e1gina inicial do site, dispon\u00edvel at\u00e9 que demais publica\u00e7\u00f5es sejam realizadas.<\/li>\n<li>Uma publica\u00e7\u00e3o permanente foi feita na p\u00e1gina de Editais e Licita\u00e7\u00f5es.<\/li>\n<li>Link para acesso:\u00a0http:\/\/coronelxavierchaves.mg.gov.br\/prefeitura\/wp-json\/wp\/v2\/posts\/26121<\/li>\n<\/ul>\n<\/div>\n","protected":false},"excerpt":{"rendered":"<p>DOWNLOADS 3\u00ba TERMO ADITIVO, publicado em 30\/12\/2025 \u00e0s 15:45h. OBJETO CONTRATA\u00c7\u00c3O DE EMPRESA PARA PRESTA\u00c7\u00c3O DE SERVI\u00c7OS ESPECIALIZADOS EM DIGITALIZA\u00c7\u00c3O DE DOCUMENTOS, GEST\u00c3O DOCUMENTAL, ORGANIZA\u00c7\u00c3O, RECUPERA\u00c7\u00c3O E HIGIENIZA\u00c7\u00c3O DE DOCUMENTOS.\u00a0 &nbsp; *PUBLICA\u00c7\u00c3O Um destaque desta publica\u00e7\u00e3o foi gerado na p\u00e1gina inicial do site, dispon\u00edvel at\u00e9 que demais publica\u00e7\u00f5es sejam realizadas. Uma publica\u00e7\u00e3o permanente foi feita [&hellip;]<\/p>\n","protected":false},"author":3,"featured_media":4367,"comment_status":"closed","ping_status":"closed","sticky":false,"template":"","format":"standard","meta":{"footnotes":"","_links_to":"","_links_to_target":""},"categories":[139],"tags":[],"class_list":{"0":"post-26121","1":"post","2":"type-post","3":"status-publish","4":"format-standard","5":"has-post-thumbnail","7":"category-contratos-aditivos-atas-e-outros-2025"},"_links":{"self":[{"href":"https:\/\/coronelxavierchaves.mg.gov.br\/prefeitura\/wp-json\/wp\/v2\/posts\/26121","targetHints":{"allow":["GET"]}}],"collection":[{"href":"https:\/\/coronelxavierchaves.mg.gov.br\/prefeitura\/wp-json\/wp\/v2\/posts"}],"about":[{"href":"https:\/\/coronelxavierchaves.mg.gov.br\/prefeitura\/wp-json\/wp\/v2\/types\/post"}],"author":[{"embeddable":true,"href":"https:\/\/coronelxavierchaves.mg.gov.br\/prefeitura\/wp-json\/wp\/v2\/users\/3"}],"replies":[{"embeddable":true,"href":"https:\/\/coronelxavierchaves.mg.gov.br\/prefeitura\/wp-json\/wp\/v2\/comments?post=26121"}],"version-history":[{"count":1,"href":"https:\/\/coronelxavierchaves.mg.gov.br\/prefeitura\/wp-json\/wp\/v2\/posts\/26121\/revisions"}],"predecessor-version":[{"id":26124,"href":"https:\/\/coronelxavierchaves.mg.gov.br\/prefeitura\/wp-json\/wp\/v2\/posts\/26121\/revisions\/26124"}],"wp:featuredmedia":[{"embeddable":true,"href":"https:\/\/coronelxavierchaves.mg.gov.br\/prefeitura\/wp-json\/wp\/v2\/media\/4367"}],"wp:attachment":[{"href":"https:\/\/coronelxavierchaves.mg.gov.br\/prefeitura\/wp-json\/wp\/v2\/media?parent=26121"}],"wp:term":[{"taxonomy":"category","embeddable":true,"href":"https:\/\/coronelxavierchaves.mg.gov.br\/prefeitura\/wp-json\/wp\/v2\/categories?post=26121"},{"taxonomy":"post_tag","embeddable":true,"href":"https:\/\/coronelxavierchaves.mg.gov.br\/prefeitura\/wp-json\/wp\/v2\/tags?post=26121"}],"curies":[{"name":"wp","href":"https:\/\/api.w.org\/{rel}","templated":true}]}}