{"id":26130,"date":"2025-12-30T16:14:44","date_gmt":"2025-12-30T19:14:44","guid":{"rendered":"https:\/\/coronelxavierchaves.mg.gov.br\/prefeitura\/?p=26130"},"modified":"2025-12-30T16:14:44","modified_gmt":"2025-12-30T19:14:44","slug":"contrato-pa-143-2025-contratacao-do-consorcio-intermunicipal-de-gestao-e-desenvolvimento-ambiental-sustentavel-das-vertentes-cigedas-vertentes-para-prestacao-do-servico-de-transporte-de-residuo","status":"publish","type":"post","link":"https:\/\/coronelxavierchaves.mg.gov.br\/prefeitura\/2025\/12\/30\/contrato-pa-143-2025-contratacao-do-consorcio-intermunicipal-de-gestao-e-desenvolvimento-ambiental-sustentavel-das-vertentes-cigedas-vertentes-para-prestacao-do-servico-de-transporte-de-residuo\/","title":{"rendered":"Contrato (PA 143\/2025) &#8211; Contrata\u00e7\u00e3o do Cons\u00f3rcio Intermunicipal de Gest\u00e3o e Desenvolvimento Ambiental Sustent\u00e1vel das Vertentes &#8211; CIGEDAS Vertentes, para presta\u00e7\u00e3o do servi\u00e7o de transporte de res\u00edduos s\u00f3lidos urbano"},"content":{"rendered":"<blockquote><p>DOWNLOADS<\/p><\/blockquote>\n<ul>\n<li><a href=\"https:\/\/coronelxavierchaves.mg.gov.br\/prefeitura\/wp-content\/uploads\/2025\/12\/CONTRATO-TRANSPORTE-RSU-143-2025.pdf\">CONTRATO<\/a>, publicado em 30\/12\/2025 \u00e0s 16:14h.<\/li>\n<\/ul>\n<blockquote><p>OBJETO<\/p><\/blockquote>\n<div style=\"text-align: justify;\">\n<div style=\"text-align: justify;\">Contrata\u00e7\u00e3o do Cons\u00f3rcio Intermunicipal de Gest\u00e3o e Desenvolvimento Ambiental Sustent\u00e1vel das Vertentes &#8211; CIGEDAS Vertentes, para presta\u00e7\u00e3o do servi\u00e7o de transporte de res\u00edduos s\u00f3lidos urbanos inclu\u00edda a loca\u00e7\u00e3o de ca\u00e7amba com capacidade volum\u00e9trica m\u00ednima de 35m\u00b3, com sistema\u00a0<i>roll on roll off<\/i>, em atendimento aos munic\u00edpios consorciados ao CIGEDAS Vertentes sob regime de empreitada por pre\u00e7o unit\u00e1rio.<\/div>\n<div>\n<p>&nbsp;<\/p>\n<div>\n<p>*<b>PUBLICA\u00c7\u00c3O<\/b><\/p>\n<ul>\n<li>Um destaque desta publica\u00e7\u00e3o foi gerado na p\u00e1gina inicial do site, dispon\u00edvel at\u00e9 que demais publica\u00e7\u00f5es sejam realizadas.<\/li>\n<li>Uma publica\u00e7\u00e3o permanente foi feita na p\u00e1gina de Editais e Licita\u00e7\u00f5es.<\/li>\n<\/ul>\n<\/div>\n<\/div>\n<\/div>\n","protected":false},"excerpt":{"rendered":"<p>DOWNLOADS CONTRATO, publicado em 30\/12\/2025 \u00e0s 16:14h. OBJETO Contrata\u00e7\u00e3o do Cons\u00f3rcio Intermunicipal de Gest\u00e3o e Desenvolvimento Ambiental Sustent\u00e1vel das Vertentes &#8211; CIGEDAS Vertentes, para presta\u00e7\u00e3o do servi\u00e7o de transporte de res\u00edduos s\u00f3lidos urbanos inclu\u00edda a loca\u00e7\u00e3o de ca\u00e7amba com capacidade volum\u00e9trica m\u00ednima de 35m\u00b3, com sistema\u00a0roll on roll off, em atendimento aos munic\u00edpios consorciados ao [&hellip;]<\/p>\n","protected":false},"author":3,"featured_media":4367,"comment_status":"closed","ping_status":"closed","sticky":false,"template":"","format":"standard","meta":{"footnotes":"","_links_to":"","_links_to_target":""},"categories":[135],"tags":[],"class_list":{"0":"post-26130","1":"post","2":"type-post","3":"status-publish","4":"format-standard","5":"has-post-thumbnail","7":"category-editais-de-licitacao-2025"},"_links":{"self":[{"href":"https:\/\/coronelxavierchaves.mg.gov.br\/prefeitura\/wp-json\/wp\/v2\/posts\/26130","targetHints":{"allow":["GET"]}}],"collection":[{"href":"https:\/\/coronelxavierchaves.mg.gov.br\/prefeitura\/wp-json\/wp\/v2\/posts"}],"about":[{"href":"https:\/\/coronelxavierchaves.mg.gov.br\/prefeitura\/wp-json\/wp\/v2\/types\/post"}],"author":[{"embeddable":true,"href":"https:\/\/coronelxavierchaves.mg.gov.br\/prefeitura\/wp-json\/wp\/v2\/users\/3"}],"replies":[{"embeddable":true,"href":"https:\/\/coronelxavierchaves.mg.gov.br\/prefeitura\/wp-json\/wp\/v2\/comments?post=26130"}],"version-history":[{"count":1,"href":"https:\/\/coronelxavierchaves.mg.gov.br\/prefeitura\/wp-json\/wp\/v2\/posts\/26130\/revisions"}],"predecessor-version":[{"id":26132,"href":"https:\/\/coronelxavierchaves.mg.gov.br\/prefeitura\/wp-json\/wp\/v2\/posts\/26130\/revisions\/26132"}],"wp:featuredmedia":[{"embeddable":true,"href":"https:\/\/coronelxavierchaves.mg.gov.br\/prefeitura\/wp-json\/wp\/v2\/media\/4367"}],"wp:attachment":[{"href":"https:\/\/coronelxavierchaves.mg.gov.br\/prefeitura\/wp-json\/wp\/v2\/media?parent=26130"}],"wp:term":[{"taxonomy":"category","embeddable":true,"href":"https:\/\/coronelxavierchaves.mg.gov.br\/prefeitura\/wp-json\/wp\/v2\/categories?post=26130"},{"taxonomy":"post_tag","embeddable":true,"href":"https:\/\/coronelxavierchaves.mg.gov.br\/prefeitura\/wp-json\/wp\/v2\/tags?post=26130"}],"curies":[{"name":"wp","href":"https:\/\/api.w.org\/{rel}","templated":true}]}}