{"id":26752,"date":"2026-02-10T14:45:08","date_gmt":"2026-02-10T17:45:08","guid":{"rendered":"https:\/\/coronelxavierchaves.mg.gov.br\/prefeitura\/?p=26752"},"modified":"2026-02-10T14:45:08","modified_gmt":"2026-02-10T17:45:08","slug":"1o-termo-aditivo-a-ata-de-registro-de-precos-pl-09-2025-aquisicao-de-medicamentos-referencia-conforme-lista-constante-na-tabela-cmed-anvisa-drogaria-ribeiro","status":"publish","type":"post","link":"https:\/\/coronelxavierchaves.mg.gov.br\/prefeitura\/2026\/02\/10\/1o-termo-aditivo-a-ata-de-registro-de-precos-pl-09-2025-aquisicao-de-medicamentos-referencia-conforme-lista-constante-na-tabela-cmed-anvisa-drogaria-ribeiro\/","title":{"rendered":"1\u00ba Termo Aditivo \u00e0 Ata de registro de pre\u00e7os (PL 09\/2025) &#8211; Aquisi\u00e7\u00e3o de medicamentos refer\u00eancia, conforme lista constante na tabela CMED\/ANVISA&#8230; &#8211; Drogaria Ribeiro"},"content":{"rendered":"<blockquote><p>DOWNLOADS<\/p><\/blockquote>\n<ul>\n<li><a href=\"https:\/\/coronelxavierchaves.mg.gov.br\/prefeitura\/wp-content\/uploads\/2026\/02\/1o-TA-ARP-DROG-RIBEIRO-E-FONSECA-09-2025.pdf\">1\u00ba TERMO ADITOVO \u00c0 ATA DE REGISTRO DE PRE\u00c7OS: DROGARIA RIBEIRO E FONSECA<\/a>, publicado em 10\/02\/2026 \u00e0s 14:45h.<\/li>\n<\/ul>\n<blockquote><p>OBJETO<\/p><\/blockquote>\n<div style=\"text-align: justify;\">\n<div style=\"text-align: justify;\"><b>AQUISI\u00c7\u00c3O DE MEDICAMENTOS REFER\u00caNCIA, CONFORME LISTA CONSTANTE NA TABELA CMED\/ANVISA, CONSIDERANDO O MAIOR DESCONTO SOBRE A COLUNA PMC (PRE\u00c7O M\u00c1XIMO AO CONSUMIDOR), PARA ATENDER \u00c0S NECESSIDADES DA FARM\u00c1CIA DE MINAS \u201cJANDIR SILVA\u201d E DOS PACIENTES DA REDE MUNICIPAL DE SA\u00daDE DE CORONEL XAVIER CHAVES\/MG.<\/b><\/div>\n<div>\n<p>&nbsp;<\/p>\n<div>\n<p>*<b>PUBLICA\u00c7\u00c3O<\/b><\/p>\n<ul>\n<li>Um destaque desta publica\u00e7\u00e3o foi gerado na p\u00e1gina inicial do site, dispon\u00edvel at\u00e9 que demais publica\u00e7\u00f5es sejam realizadas.<\/li>\n<li>Uma publica\u00e7\u00e3o permanente foi feita na p\u00e1gina de Editais e Licita\u00e7\u00f5es.<\/li>\n<li>Link para acesso:\u00a0http:\/\/coronelxavierchaves.mg.gov.br\/prefeitura\/wp-json\/wp\/v2\/posts\/26752<\/li>\n<\/ul>\n<\/div>\n<\/div>\n<\/div>\n","protected":false},"excerpt":{"rendered":"<p>DOWNLOADS 1\u00ba TERMO ADITOVO \u00c0 ATA DE REGISTRO DE PRE\u00c7OS: DROGARIA RIBEIRO E FONSECA, publicado em 10\/02\/2026 \u00e0s 14:45h. OBJETO AQUISI\u00c7\u00c3O DE MEDICAMENTOS REFER\u00caNCIA, CONFORME LISTA CONSTANTE NA TABELA CMED\/ANVISA, CONSIDERANDO O MAIOR DESCONTO SOBRE A COLUNA PMC (PRE\u00c7O M\u00c1XIMO AO CONSUMIDOR), PARA ATENDER \u00c0S NECESSIDADES DA FARM\u00c1CIA DE MINAS \u201cJANDIR SILVA\u201d E DOS PACIENTES [&hellip;]<\/p>\n","protected":false},"author":3,"featured_media":4367,"comment_status":"closed","ping_status":"closed","sticky":false,"template":"","format":"standard","meta":{"footnotes":"","_links_to":"","_links_to_target":""},"categories":[139],"tags":[],"class_list":{"0":"post-26752","1":"post","2":"type-post","3":"status-publish","4":"format-standard","5":"has-post-thumbnail","7":"category-contratos-aditivos-atas-e-outros-2025"},"_links":{"self":[{"href":"https:\/\/coronelxavierchaves.mg.gov.br\/prefeitura\/wp-json\/wp\/v2\/posts\/26752","targetHints":{"allow":["GET"]}}],"collection":[{"href":"https:\/\/coronelxavierchaves.mg.gov.br\/prefeitura\/wp-json\/wp\/v2\/posts"}],"about":[{"href":"https:\/\/coronelxavierchaves.mg.gov.br\/prefeitura\/wp-json\/wp\/v2\/types\/post"}],"author":[{"embeddable":true,"href":"https:\/\/coronelxavierchaves.mg.gov.br\/prefeitura\/wp-json\/wp\/v2\/users\/3"}],"replies":[{"embeddable":true,"href":"https:\/\/coronelxavierchaves.mg.gov.br\/prefeitura\/wp-json\/wp\/v2\/comments?post=26752"}],"version-history":[{"count":1,"href":"https:\/\/coronelxavierchaves.mg.gov.br\/prefeitura\/wp-json\/wp\/v2\/posts\/26752\/revisions"}],"predecessor-version":[{"id":26754,"href":"https:\/\/coronelxavierchaves.mg.gov.br\/prefeitura\/wp-json\/wp\/v2\/posts\/26752\/revisions\/26754"}],"wp:featuredmedia":[{"embeddable":true,"href":"https:\/\/coronelxavierchaves.mg.gov.br\/prefeitura\/wp-json\/wp\/v2\/media\/4367"}],"wp:attachment":[{"href":"https:\/\/coronelxavierchaves.mg.gov.br\/prefeitura\/wp-json\/wp\/v2\/media?parent=26752"}],"wp:term":[{"taxonomy":"category","embeddable":true,"href":"https:\/\/coronelxavierchaves.mg.gov.br\/prefeitura\/wp-json\/wp\/v2\/categories?post=26752"},{"taxonomy":"post_tag","embeddable":true,"href":"https:\/\/coronelxavierchaves.mg.gov.br\/prefeitura\/wp-json\/wp\/v2\/tags?post=26752"}],"curies":[{"name":"wp","href":"https:\/\/api.w.org\/{rel}","templated":true}]}}