{"id":27192,"date":"2026-03-26T15:26:20","date_gmt":"2026-03-26T18:26:20","guid":{"rendered":"https:\/\/coronelxavierchaves.mg.gov.br\/prefeitura\/?p=27192"},"modified":"2026-03-26T15:27:52","modified_gmt":"2026-03-26T18:27:52","slug":"convocacao-de-estagiarios-nos-processos-seletivos-de-estagio-001-2025-002-2025-003-2025-e-004-2025","status":"publish","type":"post","link":"https:\/\/coronelxavierchaves.mg.gov.br\/prefeitura\/2026\/03\/26\/convocacao-de-estagiarios-nos-processos-seletivos-de-estagio-001-2025-002-2025-003-2025-e-004-2025\/","title":{"rendered":"Convoca\u00e7\u00e3o de estagi\u00e1rios nos processos seletivos de est\u00e1gio 001\/2025, 002\/2025, 003\/2025 e 004\/2025"},"content":{"rendered":"<blockquote><p>DOWNLOADS<\/p><\/blockquote>\n<ul>\n<li><a href=\"https:\/\/coronelxavierchaves.mg.gov.br\/prefeitura\/wp-content\/uploads\/2026\/03\/Edital-estagiarios-2026.pdf\">CONVOCA\u00c7\u00c3O<\/a>, publicado em 26\/03\/2026 \u00e0s 15:26h.<\/li>\n<\/ul>\n","protected":false},"excerpt":{"rendered":"<p>DOWNLOADS CONVOCA\u00c7\u00c3O, publicado em 26\/03\/2026 \u00e0s 15:26h.<\/p>\n","protected":false},"author":3,"featured_media":4367,"comment_status":"closed","ping_status":"closed","sticky":false,"template":"","format":"standard","meta":{"footnotes":"","_links_to":"","_links_to_target":""},"categories":[168],"tags":[],"class_list":{"0":"post-27192","1":"post","2":"type-post","3":"status-publish","4":"format-standard","5":"has-post-thumbnail","7":"category-outras-publicacoes-2026"},"_links":{"self":[{"href":"https:\/\/coronelxavierchaves.mg.gov.br\/prefeitura\/wp-json\/wp\/v2\/posts\/27192","targetHints":{"allow":["GET"]}}],"collection":[{"href":"https:\/\/coronelxavierchaves.mg.gov.br\/prefeitura\/wp-json\/wp\/v2\/posts"}],"about":[{"href":"https:\/\/coronelxavierchaves.mg.gov.br\/prefeitura\/wp-json\/wp\/v2\/types\/post"}],"author":[{"embeddable":true,"href":"https:\/\/coronelxavierchaves.mg.gov.br\/prefeitura\/wp-json\/wp\/v2\/users\/3"}],"replies":[{"embeddable":true,"href":"https:\/\/coronelxavierchaves.mg.gov.br\/prefeitura\/wp-json\/wp\/v2\/comments?post=27192"}],"version-history":[{"count":3,"href":"https:\/\/coronelxavierchaves.mg.gov.br\/prefeitura\/wp-json\/wp\/v2\/posts\/27192\/revisions"}],"predecessor-version":[{"id":27200,"href":"https:\/\/coronelxavierchaves.mg.gov.br\/prefeitura\/wp-json\/wp\/v2\/posts\/27192\/revisions\/27200"}],"wp:featuredmedia":[{"embeddable":true,"href":"https:\/\/coronelxavierchaves.mg.gov.br\/prefeitura\/wp-json\/wp\/v2\/media\/4367"}],"wp:attachment":[{"href":"https:\/\/coronelxavierchaves.mg.gov.br\/prefeitura\/wp-json\/wp\/v2\/media?parent=27192"}],"wp:term":[{"taxonomy":"category","embeddable":true,"href":"https:\/\/coronelxavierchaves.mg.gov.br\/prefeitura\/wp-json\/wp\/v2\/categories?post=27192"},{"taxonomy":"post_tag","embeddable":true,"href":"https:\/\/coronelxavierchaves.mg.gov.br\/prefeitura\/wp-json\/wp\/v2\/tags?post=27192"}],"curies":[{"name":"wp","href":"https:\/\/api.w.org\/{rel}","templated":true}]}}