{"id":27342,"date":"2026-04-01T10:38:11","date_gmt":"2026-04-01T13:38:11","guid":{"rendered":"https:\/\/coronelxavierchaves.mg.gov.br\/prefeitura\/?p=27342"},"modified":"2026-04-22T08:58:44","modified_gmt":"2026-04-22T11:58:44","slug":"aviso-de-licitacao-pl-32-2026-registro-de-precos-para-futura-e-eventual-aquisicao-de-premiacoes-destinadas-ao-atendimento-das-acoes-eventos-e-atividades-de-natureza-esportiva-educacional-e-socio","status":"publish","type":"post","link":"https:\/\/coronelxavierchaves.mg.gov.br\/prefeitura\/2026\/04\/01\/aviso-de-licitacao-pl-32-2026-registro-de-precos-para-futura-e-eventual-aquisicao-de-premiacoes-destinadas-ao-atendimento-das-acoes-eventos-e-atividades-de-natureza-esportiva-educacional-e-socio\/","title":{"rendered":"Aviso de Licita\u00e7\u00e3o (PL 32\/2026) &#8211; Registro de pre\u00e7os para futura e eventual aquisi\u00e7\u00e3o de premia\u00e7\u00f5es destinadas ao atendimento das a\u00e7\u00f5es, eventos e atividades de natureza esportiva, educacional e sociocultural"},"content":{"rendered":"<blockquote>\n<p style=\"text-align: center;\">DOWNLOADS<\/p>\n<\/blockquote>\n<ul>\n<li style=\"list-style-type: none;\">\n<ul>\n<li><del><a href=\"https:\/\/coronelxavierchaves.mg.gov.br\/prefeitura\/wp-content\/uploads\/2026\/04\/EDITAL-32-2026.pdf\">EDITAL<\/a>, publicado em 01\/04\/2026 \u00e0s 10:38h.<\/del> Retificado em 09\/04\/2026.<\/li>\n<li><a href=\"https:\/\/coronelxavierchaves.mg.gov.br\/prefeitura\/wp-content\/uploads\/2026\/04\/02-ERRATA-no-01.pdf\">ERRATA N\u00ba 1<\/a>, publicado em 09\/04\/2026 \u00e0s 12:08h.<\/li>\n<li><a href=\"https:\/\/coronelxavierchaves.mg.gov.br\/prefeitura\/wp-content\/uploads\/2026\/04\/03-EDITAL-RETIFICADO-no-01.pdf\">EDITAL RETIFICADO N\u00ba 1<\/a>, publicado em 09\/04\/2026 \u00e0s 12:09h.<\/li>\n<\/ul>\n<\/li>\n<\/ul>\n<p>&nbsp;<\/p>\n<p style=\"text-align: center;\"><strong><u>AVISO DE LICITA\u00c7\u00c3O<\/u><\/strong><\/p>\n<p style=\"text-align: justify;\">Prefeitura Municipal de Coronel Xavier Chaves\/MG. Aviso de Licita\u00e7\u00e3o &#8211; Processo Licitat\u00f3rio \u2013 32\/2026, Preg\u00e3o Eletr\u00f4nico \u2013 12\/2026, do tipo\u00a0<u>Menor Pre\u00e7o por Item.\u00a0<\/u>Objeto:\u00a0Registro de pre\u00e7os para futura e eventual aquisi\u00e7\u00e3o de premia\u00e7\u00f5es destinadas ao atendimento das a\u00e7\u00f5es, eventos e atividades de natureza esportiva, educacional e sociocultural promovidas pela Prefeitura Municipal de Coronel Xavier Chaves\/MG, visando \u00e0 valoriza\u00e7\u00e3o, ao incentivo e ao reconhecimento da participa\u00e7\u00e3o e do engajamento da comunidade local.\u00a0Limite de acolhimento das propostas: dia 22\/04\/2026 \u00e0s 07h59min.\u00a0<strong>DISPUTA: 22\/04\/2026, \u00e0s 08h30min, na Plataforma LICITAPP<\/strong>,\u00a0<a href=\"https:\/\/coronelxavierchaves.licitapp.com.br\/\">https:\/\/coronelxavierchaves.licitapp.com.br\/\/<\/a>.\u00a0O edital est\u00e1 dispon\u00edvel no site\u00a0\u201c<a href=\"http:\/\/www.coronelxavierchaves.mg.gov.br\/\">www.coronelxavierchaves.mg.gov.br<\/a>&#8220;, mais informa\u00e7\u00f5es\u00a0na prefeitura municipal \u00e0 Rua Padre Reis, 84, Centro, Coronel Xavier Chaves\/MG, no hor\u00e1rio de 08h00min \u00e0s 12h00min e de 13h00min \u00e0s 16h00min. Tel.:\u00a0<a href=\"tel:%2832%29%203357-1235\">(32) 3216-1053<\/a>\/ (32) 9 9199-6496 (<em>Whatsapp<\/em>). Coronel Xavier Chaves, 01 de abril de 2026. Juliana Jaques Camargos \u2013 Pregoeira.<\/p>\n<p>&nbsp;<\/p>\n<div class=\"printshowonly\">\n<p>*<b>PUBLICA\u00c7\u00c3O<\/b><\/p>\n<ul>\n<li>Um destaque desta publica\u00e7\u00e3o foi gerado na p\u00e1gina inicial do site, dispon\u00edvel at\u00e9 que demais publica\u00e7\u00f5es sejam realizadas.<\/li>\n<li>Uma publica\u00e7\u00e3o permanente foi feita na p\u00e1gina de Editais e Licita\u00e7\u00f5es.<\/li>\n<\/ul>\n<\/div>\n","protected":false},"excerpt":{"rendered":"<p>DOWNLOADS EDITAL, publicado em 01\/04\/2026 \u00e0s 10:38h. Retificado em 09\/04\/2026. ERRATA N\u00ba 1, publicado em 09\/04\/2026 \u00e0s 12:08h. EDITAL RETIFICADO N\u00ba 1, publicado em 09\/04\/2026 \u00e0s 12:09h. &nbsp; AVISO DE LICITA\u00c7\u00c3O Prefeitura Municipal de Coronel Xavier Chaves\/MG. Aviso de Licita\u00e7\u00e3o &#8211; Processo Licitat\u00f3rio \u2013 32\/2026, Preg\u00e3o Eletr\u00f4nico \u2013 12\/2026, do tipo\u00a0Menor Pre\u00e7o por Item.\u00a0Objeto:\u00a0Registro de [&hellip;]<\/p>\n","protected":false},"author":3,"featured_media":4366,"comment_status":"closed","ping_status":"closed","sticky":false,"template":"","format":"standard","meta":{"footnotes":"","_links_to":"","_links_to_target":""},"categories":[162],"tags":[],"class_list":{"0":"post-27342","1":"post","2":"type-post","3":"status-publish","4":"format-standard","5":"has-post-thumbnail","7":"category-editais-de-licitacao-2026"},"_links":{"self":[{"href":"https:\/\/coronelxavierchaves.mg.gov.br\/prefeitura\/wp-json\/wp\/v2\/posts\/27342","targetHints":{"allow":["GET"]}}],"collection":[{"href":"https:\/\/coronelxavierchaves.mg.gov.br\/prefeitura\/wp-json\/wp\/v2\/posts"}],"about":[{"href":"https:\/\/coronelxavierchaves.mg.gov.br\/prefeitura\/wp-json\/wp\/v2\/types\/post"}],"author":[{"embeddable":true,"href":"https:\/\/coronelxavierchaves.mg.gov.br\/prefeitura\/wp-json\/wp\/v2\/users\/3"}],"replies":[{"embeddable":true,"href":"https:\/\/coronelxavierchaves.mg.gov.br\/prefeitura\/wp-json\/wp\/v2\/comments?post=27342"}],"version-history":[{"count":3,"href":"https:\/\/coronelxavierchaves.mg.gov.br\/prefeitura\/wp-json\/wp\/v2\/posts\/27342\/revisions"}],"predecessor-version":[{"id":27491,"href":"https:\/\/coronelxavierchaves.mg.gov.br\/prefeitura\/wp-json\/wp\/v2\/posts\/27342\/revisions\/27491"}],"wp:featuredmedia":[{"embeddable":true,"href":"https:\/\/coronelxavierchaves.mg.gov.br\/prefeitura\/wp-json\/wp\/v2\/media\/4366"}],"wp:attachment":[{"href":"https:\/\/coronelxavierchaves.mg.gov.br\/prefeitura\/wp-json\/wp\/v2\/media?parent=27342"}],"wp:term":[{"taxonomy":"category","embeddable":true,"href":"https:\/\/coronelxavierchaves.mg.gov.br\/prefeitura\/wp-json\/wp\/v2\/categories?post=27342"},{"taxonomy":"post_tag","embeddable":true,"href":"https:\/\/coronelxavierchaves.mg.gov.br\/prefeitura\/wp-json\/wp\/v2\/tags?post=27342"}],"curies":[{"name":"wp","href":"https:\/\/api.w.org\/{rel}","templated":true}]}}