{"id":29234,"date":"2026-08-31T07:55:10","date_gmt":"2026-08-31T10:55:10","guid":{"rendered":"https:\/\/coronelxavierchaves.mg.gov.br\/prefeitura\/?p=29234"},"modified":"2026-08-31T10:06:22","modified_gmt":"2026-08-31T13:06:22","slug":"aviso-de-licitacao-pl-95-2026-aquisicao-de-aparelho-de-ar-condicionado","status":"publish","type":"post","link":"https:\/\/coronelxavierchaves.mg.gov.br\/prefeitura\/2026\/08\/31\/aviso-de-licitacao-pl-95-2026-aquisicao-de-aparelho-de-ar-condicionado\/","title":{"rendered":"Aviso de Licita\u00e7\u00e3o (PL 95\/2026) &#8211; Aquisi\u00e7\u00e3o de aparelho de ar-condicionado"},"content":{"rendered":"<blockquote>\n<p style=\"text-align: center;\">DOWNLOADS<\/p>\n<\/blockquote>\n<ul>\n<li style=\"list-style-type: none;\">\n<ul>\n<li><a href=\"https:\/\/coronelxavierchaves.mg.gov.br\/prefeitura\/wp-content\/uploads\/2026\/08\/EDITAL-95-2026a.pdf\">EDITAL<\/a>, publicado em 31\/08\/2026 \u00e0s 07:55h.<\/li>\n<\/ul>\n<\/li>\n<\/ul>\n<p>&nbsp;<\/p>\n<p style=\"font-weight: 400; text-align: center;\"><strong><u>AVISO DE LICITA\u00c7\u00c3O<\/u><\/strong><\/p>\n<p style=\"text-align: justify;\"><b>Prefeitura Municipal de Coronel Xavier Chaves\/MG. Aviso de Licita\u00e7\u00e3o &#8211; Processo Licitat\u00f3rio n\u00ba 95\/2026, Preg\u00e3o Eletr\u00f4nico n\u00ba 50\/2026, do tipo\u00a0<u>Menor Pre\u00e7o por Item<\/u>.\u00a0<\/b><b>Objeto:\u00a0<\/b>Aquisi\u00e7\u00e3o de aparelho de ar-condicionado, destinado exclusivamente \u00e0 climatiza\u00e7\u00e3o do Plen\u00e1rio da C\u00e2mara Municipal de Coronel Xavier Chaves, visando proporcionar melhores condi\u00e7\u00f5es de conforto t\u00e9rmico e adequadas condi\u00e7\u00f5es para a realiza\u00e7\u00e3o das sess\u00f5es plen\u00e1rias, reuni\u00f5es e demais atividades institucionais realizadas no referido ambiente.<b>\u00a0<\/b>Limite de acolhimento das propostas: dia\u00a014\/09\/2026 \u00e0s 07h59min<b>. DISPUTA: 14\/09\/2026, \u00e0s 08h30min<\/b>, na Plataforma LICITAPP<b>,\u00a0<\/b>(<a href=\"https:\/\/coronelxavierchaves.licitapp.com.br\/\" target=\"_blank\" rel=\"noopener\" data-saferedirecturl=\"https:\/\/www.google.com\/url?q=https:\/\/coronelxavierchaves.licitapp.com.br\/&amp;source=gmail&amp;ust=1788267875732000&amp;usg=AOvVaw2Qd1sEoi2ruelTIalq7qo8\">https:\/\/<wbr \/>camaradecoronelxavierchaves.<wbr \/>licitapp.com.br\/\/<\/a>).\u00a0O edital est\u00e1 dispon\u00edvel no site\u00a0<a href=\"http:\/\/www.coronelxavierchaves.mg.gov.br\/\" target=\"_blank\" rel=\"noopener\" data-saferedirecturl=\"https:\/\/www.google.com\/url?q=http:\/\/www.coronelxavierchaves.mg.gov.br\/&amp;source=gmail&amp;ust=1788267875732000&amp;usg=AOvVaw1agspSlJtn3cNOKbop6vVb\">www.coronelxavierchaves.<wbr \/>mg.gov.br<\/a>. Mais informa\u00e7\u00f5es\u00a0na Prefeitura Municipal \u00e0\u00a0<a href=\"https:\/\/www.google.com\/maps\/search\/Rua+Padre+Reis,+84?entry=gmail&amp;source=g\" data-saferedirecturl=\"https:\/\/www.google.com\/url?q=https:\/\/www.google.com\/maps\/search\/Rua%2BPadre%2BReis,%2B84?entry%3Dgmail%26source%3Dg&amp;source=gmail&amp;ust=1788267875733000&amp;usg=AOvVaw0ITnylxhnaC2u9lWggmCgZ\">Rua Padre Reis, 84<\/a>, Centro, Coronel Xavier Chaves\/MG, no hor\u00e1rio de 08h00min \u00e0s 12h00min e de 13h00min \u00e0s 16h00min. Tel.: (32) 3216-1053 \/ (32) 99199-6496 (<i>WhatsApp<\/i>). Coronel Xavier Chaves, 31 de agosto de 2026. Juliana Jaques Camargos \u2013 Pregoeira.<\/p>\n<p>&nbsp;<\/p>\n<div class=\"printshowonly\">\n<p>*<b>PUBLICA\u00c7\u00c3O<\/b><\/p>\n<ul>\n<li>Um destaque desta publica\u00e7\u00e3o foi gerado na p\u00e1gina inicial do site, dispon\u00edvel at\u00e9 que demais publica\u00e7\u00f5es sejam realizadas.<\/li>\n<li>Uma publica\u00e7\u00e3o permanente foi feita na p\u00e1gina de Editais e Licita\u00e7\u00f5es.<\/li>\n<\/ul>\n<\/div>\n","protected":false},"excerpt":{"rendered":"<p>DOWNLOADS EDITAL, publicado em 31\/08\/2026 \u00e0s 07:55h. &nbsp; AVISO DE LICITA\u00c7\u00c3O Prefeitura Municipal de Coronel Xavier Chaves\/MG. Aviso de Licita\u00e7\u00e3o &#8211; Processo Licitat\u00f3rio n\u00ba 95\/2026, Preg\u00e3o Eletr\u00f4nico n\u00ba 50\/2026, do tipo\u00a0Menor Pre\u00e7o por Item.\u00a0Objeto:\u00a0Aquisi\u00e7\u00e3o de aparelho de ar-condicionado, destinado exclusivamente \u00e0 climatiza\u00e7\u00e3o do Plen\u00e1rio da C\u00e2mara Municipal de Coronel Xavier Chaves, visando proporcionar melhores condi\u00e7\u00f5es [&hellip;]<\/p>\n","protected":false},"author":3,"featured_media":4366,"comment_status":"closed","ping_status":"closed","sticky":false,"template":"","format":"standard","meta":{"footnotes":"","_links_to":"","_links_to_target":""},"categories":[162],"tags":[],"class_list":["post-29234","post","type-post","status-publish","format-standard","has-post-thumbnail","category-editais-de-licitacao-2026"],"_links":{"self":[{"href":"https:\/\/coronelxavierchaves.mg.gov.br\/prefeitura\/wp-json\/wp\/v2\/posts\/29234","targetHints":{"allow":["GET"]}}],"collection":[{"href":"https:\/\/coronelxavierchaves.mg.gov.br\/prefeitura\/wp-json\/wp\/v2\/posts"}],"about":[{"href":"https:\/\/coronelxavierchaves.mg.gov.br\/prefeitura\/wp-json\/wp\/v2\/types\/post"}],"author":[{"embeddable":true,"href":"https:\/\/coronelxavierchaves.mg.gov.br\/prefeitura\/wp-json\/wp\/v2\/users\/3"}],"replies":[{"embeddable":true,"href":"https:\/\/coronelxavierchaves.mg.gov.br\/prefeitura\/wp-json\/wp\/v2\/comments?post=29234"}],"version-history":[{"count":3,"href":"https:\/\/coronelxavierchaves.mg.gov.br\/prefeitura\/wp-json\/wp\/v2\/posts\/29234\/revisions"}],"predecessor-version":[{"id":29244,"href":"https:\/\/coronelxavierchaves.mg.gov.br\/prefeitura\/wp-json\/wp\/v2\/posts\/29234\/revisions\/29244"}],"wp:featuredmedia":[{"embeddable":true,"href":"https:\/\/coronelxavierchaves.mg.gov.br\/prefeitura\/wp-json\/wp\/v2\/media\/4366"}],"wp:attachment":[{"href":"https:\/\/coronelxavierchaves.mg.gov.br\/prefeitura\/wp-json\/wp\/v2\/media?parent=29234"}],"wp:term":[{"taxonomy":"category","embeddable":true,"href":"https:\/\/coronelxavierchaves.mg.gov.br\/prefeitura\/wp-json\/wp\/v2\/categories?post=29234"},{"taxonomy":"post_tag","embeddable":true,"href":"https:\/\/coronelxavierchaves.mg.gov.br\/prefeitura\/wp-json\/wp\/v2\/tags?post=29234"}],"curies":[{"name":"wp","href":"https:\/\/api.w.org\/{rel}","templated":true}]}}