{"id":29245,"date":"2026-08-31T12:30:16","date_gmt":"2026-08-31T15:30:16","guid":{"rendered":"https:\/\/coronelxavierchaves.mg.gov.br\/prefeitura\/?p=29245"},"modified":"2026-08-31T12:30:16","modified_gmt":"2026-08-31T15:30:16","slug":"aviso-de-licitacao-pl-91-2026-registro-de-precos-para-aquisicao-parcelada-de-generos-alimenticios","status":"publish","type":"post","link":"https:\/\/coronelxavierchaves.mg.gov.br\/prefeitura\/2026\/08\/31\/aviso-de-licitacao-pl-91-2026-registro-de-precos-para-aquisicao-parcelada-de-generos-alimenticios\/","title":{"rendered":"Aviso de Licita\u00e7\u00e3o (PL 91\/2026) &#8211; Registro de pre\u00e7os para aquisi\u00e7\u00e3o parcelada de g\u00eaneros aliment\u00edcios"},"content":{"rendered":"<blockquote>\n<p style=\"text-align: center;\">DOWNLOADS<\/p>\n<\/blockquote>\n<ul>\n<li style=\"list-style-type: none;\">\n<ul>\n<li><a href=\"https:\/\/coronelxavierchaves.mg.gov.br\/prefeitura\/wp-content\/uploads\/2026\/08\/EDITAL-91-2026.pdf\">EDITAL<\/a>, publicado em 31\/08\/2026 \u00e0s 12:30h.\n<ul>\n<li><a href=\"https:\/\/coronelxavierchaves.mg.gov.br\/prefeitura\/wp-content\/uploads\/2026\/08\/ANEXO-II-2.docx\">ANEXO II<\/a><\/li>\n<li><a href=\"https:\/\/coronelxavierchaves.mg.gov.br\/prefeitura\/wp-content\/uploads\/2026\/08\/ANEXO-III-2.docx\">ANEXO III<\/a><\/li>\n<li><a href=\"https:\/\/coronelxavierchaves.mg.gov.br\/prefeitura\/wp-content\/uploads\/2026\/08\/ANEXO-V.docx\">ANEXO V<\/a><\/li>\n<\/ul>\n<\/li>\n<\/ul>\n<\/li>\n<\/ul>\n<p>&nbsp;<\/p>\n<p style=\"font-weight: 400; text-align: center;\"><strong><u>AVISO DE LICITA\u00c7\u00c3O<\/u><\/strong><\/p>\n<p style=\"font-weight: 400; text-align: justify;\"><strong>Prefeitura Municipal de Coronel Xavier Chaves\/MG. Aviso de Licita\u00e7\u00e3o &#8211; Processo Licitat\u00f3rio n\u00ba 91\/2026, Preg\u00e3o Eletr\u00f4nico n\u00ba 49\/2026, do tipo\u00a0<u>Menor Pre\u00e7o por Item<\/u>.\u00a0<\/strong><strong>Objeto:\u00a0<\/strong>Registro de pre\u00e7os para aquisi\u00e7\u00e3o parcelada de g\u00eaneros aliment\u00edcios destinados \u00e0 merenda escolar da rede municipal de ensino de Coronel Xavier Chaves\/MG.<strong>\u00a0<\/strong>Limite de acolhimento das propostas: dia\u00a015\/09\/2026 \u00e0s 07h59min<strong>. DISPUTA: 15\/09\/2026, \u00e0s 08h30min<\/strong>, na Plataforma LICITAPP<strong>,\u00a0<\/strong>(<a href=\"https:\/\/coronelxavierchaves.licitapp.com.br\/\" data-saferedirecturl=\"https:\/\/www.google.com\/url?q=https:\/\/coronelxavierchaves.licitapp.com.br\/&amp;source=gmail&amp;ust=1788273878470000&amp;usg=AOvVaw0vnM6BXmGNJpVRBmgpGDUS\">https:\/\/coronelxavierchaves.licitapp.com.br\/\/<\/a>).\u00a0O edital est\u00e1 dispon\u00edvel no site\u00a0<a href=\"http:\/\/www.coronelxavierchaves.mg.gov.br\/\" data-saferedirecturl=\"https:\/\/www.google.com\/url?q=http:\/\/www.coronelxavierchaves.mg.gov.br&amp;source=gmail&amp;ust=1788273878470000&amp;usg=AOvVaw23GQNJBPr8PYxJWUXRvygk\">www.coronelxavierchaves.mg.gov.br<\/a>. Mais informa\u00e7\u00f5es\u00a0na Prefeitura Municipal \u00e0\u00a0<a href=\"https:\/\/www.google.com\/maps\/search\/Rua+Padre+Reis,+84?entry=gmail&amp;source=g\" data-saferedirecturl=\"https:\/\/www.google.com\/url?q=https:\/\/www.google.com\/maps\/search\/Rua%2BPadre%2BReis,%2B84?entry%3Dgmail%26source%3Dg&amp;source=gmail&amp;ust=1788273878471000&amp;usg=AOvVaw0v8N94Y6ZcC5gC9YNLKpa-\">Rua Padre Reis, 84<\/a>, Centro, Coronel Xavier Chaves\/MG, no hor\u00e1rio de 08h00min \u00e0s 12h00min e de 13h00min \u00e0s 16h00min. Tel.: (32) 3216-1053 \/ (32) 99199-6496 (<em>WhatsApp<\/em>). Coronel Xavier Chaves, 31 de agosto de 2026. Juliana Jaques Camargos \u2013 Pregoeira.<\/p>\n<p>&nbsp;<\/p>\n<div class=\"printshowonly\">\n<p>*<b>PUBLICA\u00c7\u00c3O<\/b><\/p>\n<ul>\n<li>Um destaque desta publica\u00e7\u00e3o foi gerado na p\u00e1gina inicial do site, dispon\u00edvel at\u00e9 que demais publica\u00e7\u00f5es sejam realizadas.<\/li>\n<li>Uma publica\u00e7\u00e3o permanente foi feita na p\u00e1gina de Editais e Licita\u00e7\u00f5es.<\/li>\n<\/ul>\n<\/div>\n","protected":false},"excerpt":{"rendered":"<p>DOWNLOADS EDITAL, publicado em 31\/08\/2026 \u00e0s 12:30h. ANEXO II ANEXO III ANEXO V &nbsp; AVISO DE LICITA\u00c7\u00c3O Prefeitura Municipal de Coronel Xavier Chaves\/MG. Aviso de Licita\u00e7\u00e3o &#8211; Processo Licitat\u00f3rio n\u00ba 91\/2026, Preg\u00e3o Eletr\u00f4nico n\u00ba 49\/2026, do tipo\u00a0Menor Pre\u00e7o por Item.\u00a0Objeto:\u00a0Registro de pre\u00e7os para aquisi\u00e7\u00e3o parcelada de g\u00eaneros aliment\u00edcios destinados \u00e0 merenda escolar da rede municipal [&hellip;]<\/p>\n","protected":false},"author":3,"featured_media":4366,"comment_status":"closed","ping_status":"closed","sticky":false,"template":"","format":"standard","meta":{"footnotes":"","_links_to":"","_links_to_target":""},"categories":[162],"tags":[],"class_list":["post-29245","post","type-post","status-publish","format-standard","has-post-thumbnail","category-editais-de-licitacao-2026"],"_links":{"self":[{"href":"https:\/\/coronelxavierchaves.mg.gov.br\/prefeitura\/wp-json\/wp\/v2\/posts\/29245","targetHints":{"allow":["GET"]}}],"collection":[{"href":"https:\/\/coronelxavierchaves.mg.gov.br\/prefeitura\/wp-json\/wp\/v2\/posts"}],"about":[{"href":"https:\/\/coronelxavierchaves.mg.gov.br\/prefeitura\/wp-json\/wp\/v2\/types\/post"}],"author":[{"embeddable":true,"href":"https:\/\/coronelxavierchaves.mg.gov.br\/prefeitura\/wp-json\/wp\/v2\/users\/3"}],"replies":[{"embeddable":true,"href":"https:\/\/coronelxavierchaves.mg.gov.br\/prefeitura\/wp-json\/wp\/v2\/comments?post=29245"}],"version-history":[{"count":1,"href":"https:\/\/coronelxavierchaves.mg.gov.br\/prefeitura\/wp-json\/wp\/v2\/posts\/29245\/revisions"}],"predecessor-version":[{"id":29250,"href":"https:\/\/coronelxavierchaves.mg.gov.br\/prefeitura\/wp-json\/wp\/v2\/posts\/29245\/revisions\/29250"}],"wp:featuredmedia":[{"embeddable":true,"href":"https:\/\/coronelxavierchaves.mg.gov.br\/prefeitura\/wp-json\/wp\/v2\/media\/4366"}],"wp:attachment":[{"href":"https:\/\/coronelxavierchaves.mg.gov.br\/prefeitura\/wp-json\/wp\/v2\/media?parent=29245"}],"wp:term":[{"taxonomy":"category","embeddable":true,"href":"https:\/\/coronelxavierchaves.mg.gov.br\/prefeitura\/wp-json\/wp\/v2\/categories?post=29245"},{"taxonomy":"post_tag","embeddable":true,"href":"https:\/\/coronelxavierchaves.mg.gov.br\/prefeitura\/wp-json\/wp\/v2\/tags?post=29245"}],"curies":[{"name":"wp","href":"https:\/\/api.w.org\/{rel}","templated":true}]}}