{"id":29254,"date":"2026-09-01T12:25:07","date_gmt":"2026-09-01T15:25:07","guid":{"rendered":"https:\/\/coronelxavierchaves.mg.gov.br\/prefeitura\/?p=29254"},"modified":"2026-09-01T12:25:07","modified_gmt":"2026-09-01T15:25:07","slug":"resultado-pl-79-2026-leilao-publico-de-bens-moveis-classificados-como-inserviveis","status":"publish","type":"post","link":"https:\/\/coronelxavierchaves.mg.gov.br\/prefeitura\/2026\/09\/01\/resultado-pl-79-2026-leilao-publico-de-bens-moveis-classificados-como-inserviveis\/","title":{"rendered":"Resultado (PL 79\/2026) \u2013 Leil\u00e3o p\u00fablico de bens m\u00f3veis classificados como inserv\u00edveis"},"content":{"rendered":"<blockquote><p>DOWNLOADS<\/p><\/blockquote>\n<ul>\n<li><a href=\"https:\/\/coronelxavierchaves.mg.gov.br\/prefeitura\/wp-content\/uploads\/2026\/09\/RESULTADO-79-2026.pdf\">RESULTADO<\/a>, publicado em 01\/09\/2026 \u00e0s 12:25h.<\/li>\n<\/ul>\n<blockquote><p>OBJETO<\/p><\/blockquote>\n<div style=\"text-align: justify;\">\n<div>Aliena\u00e7\u00e3o, mediante leil\u00e3o p\u00fablico realizado por leiloeiro oficial contratado pelo Munic\u00edpio, de bens m\u00f3veis classificados como inserv\u00edveis pertencentes ao patrim\u00f4nio do Munic\u00edpio de Coronel Xavier Chaves\/MG<\/div>\n<\/div>\n<div><\/div>\n<div><\/div>\n<div class=\"printshowonly\">\n<p>*<b>PUBLICA\u00c7\u00c3O<\/b><\/p>\n<ul>\n<li>Um destaque desta publica\u00e7\u00e3o foi gerado na p\u00e1gina inicial do site, dispon\u00edvel at\u00e9 que demais publica\u00e7\u00f5es sejam realizadas.<\/li>\n<li>Uma publica\u00e7\u00e3o permanente foi feita na p\u00e1gina de Editais e Licita\u00e7\u00f5es.<\/li>\n<li>Link para acesso:\u00a0http:\/\/coronelxavierchaves.mg.gov.br\/prefeitura\/wp-json\/wp\/v2\/posts\/29254<\/li>\n<\/ul>\n<\/div>\n","protected":false},"excerpt":{"rendered":"<p>DOWNLOADS RESULTADO, publicado em 01\/09\/2026 \u00e0s 12:25h. OBJETO Aliena\u00e7\u00e3o, mediante leil\u00e3o p\u00fablico realizado por leiloeiro oficial contratado pelo Munic\u00edpio, de bens m\u00f3veis classificados como inserv\u00edveis pertencentes ao patrim\u00f4nio do Munic\u00edpio de Coronel Xavier Chaves\/MG *PUBLICA\u00c7\u00c3O Um destaque desta publica\u00e7\u00e3o foi gerado na p\u00e1gina inicial do site, dispon\u00edvel at\u00e9 que demais publica\u00e7\u00f5es sejam realizadas. Uma publica\u00e7\u00e3o [&hellip;]<\/p>\n","protected":false},"author":3,"featured_media":4367,"comment_status":"closed","ping_status":"closed","sticky":false,"template":"","format":"standard","meta":{"footnotes":"","_links_to":"","_links_to_target":""},"categories":[158],"tags":[],"class_list":["post-29254","post","type-post","status-publish","format-standard","has-post-thumbnail","category-contratos-aditivos-atas-e-outros-2026"],"_links":{"self":[{"href":"https:\/\/coronelxavierchaves.mg.gov.br\/prefeitura\/wp-json\/wp\/v2\/posts\/29254","targetHints":{"allow":["GET"]}}],"collection":[{"href":"https:\/\/coronelxavierchaves.mg.gov.br\/prefeitura\/wp-json\/wp\/v2\/posts"}],"about":[{"href":"https:\/\/coronelxavierchaves.mg.gov.br\/prefeitura\/wp-json\/wp\/v2\/types\/post"}],"author":[{"embeddable":true,"href":"https:\/\/coronelxavierchaves.mg.gov.br\/prefeitura\/wp-json\/wp\/v2\/users\/3"}],"replies":[{"embeddable":true,"href":"https:\/\/coronelxavierchaves.mg.gov.br\/prefeitura\/wp-json\/wp\/v2\/comments?post=29254"}],"version-history":[{"count":1,"href":"https:\/\/coronelxavierchaves.mg.gov.br\/prefeitura\/wp-json\/wp\/v2\/posts\/29254\/revisions"}],"predecessor-version":[{"id":29256,"href":"https:\/\/coronelxavierchaves.mg.gov.br\/prefeitura\/wp-json\/wp\/v2\/posts\/29254\/revisions\/29256"}],"wp:featuredmedia":[{"embeddable":true,"href":"https:\/\/coronelxavierchaves.mg.gov.br\/prefeitura\/wp-json\/wp\/v2\/media\/4367"}],"wp:attachment":[{"href":"https:\/\/coronelxavierchaves.mg.gov.br\/prefeitura\/wp-json\/wp\/v2\/media?parent=29254"}],"wp:term":[{"taxonomy":"category","embeddable":true,"href":"https:\/\/coronelxavierchaves.mg.gov.br\/prefeitura\/wp-json\/wp\/v2\/categories?post=29254"},{"taxonomy":"post_tag","embeddable":true,"href":"https:\/\/coronelxavierchaves.mg.gov.br\/prefeitura\/wp-json\/wp\/v2\/tags?post=29254"}],"curies":[{"name":"wp","href":"https:\/\/api.w.org\/{rel}","templated":true}]}}