{"id":3022,"date":"2019-01-08T21:42:39","date_gmt":"2019-01-08T23:42:39","guid":{"rendered":"http:\/\/coronelxavierchaves.mg.gov.br\/prefeitura\/?p=3022"},"modified":"2019-01-08T21:43:24","modified_gmt":"2019-01-08T23:43:24","slug":"edital-de-convocacao-de-suplente-do-conselho-tutelar","status":"publish","type":"post","link":"https:\/\/coronelxavierchaves.mg.gov.br\/prefeitura\/2019\/01\/08\/edital-de-convocacao-de-suplente-do-conselho-tutelar\/","title":{"rendered":"CONVOCA\u00c7\u00c3O DE SUPLENTE DO CONSELHO TUTELAR"},"content":{"rendered":"<blockquote><p>DOWNLOADS<\/p><\/blockquote>\n<ul>\n<li><a href=\"http:\/\/coronelxavierchaves.mg.gov.br\/prefeitura\/wp-content\/uploads\/2019\/01\/CONVOCA\u00c7\u00c3O-SUPLENTE-CON.-TUTELAR-F\u00c9RIAS-2019.pdf\" target=\"_blank\" rel=\"noopener\">EDITAL<\/a>, publicado em 08\/01\/2019 \u00e0s 21:41h.<\/li>\n<\/ul>\n<p>&nbsp;<\/p>\n<p>&nbsp;<\/p>\n<blockquote><p>RESUMO<\/p><\/blockquote>\n<p>VIMOS PELO PRESENTE, CONVOCAR A SUPLENTE DO CONSELHO TUTELAR DO MUNIC\u00cdPIO DE CORONEL XAVIER CHAVES, TAMIRES RIBEIRO MAGALH\u00c3ES, PARA SUBSTITUI\u00c7\u00c3O DA TITULAR DO CONSELHO TUTELAR DO MUNIC\u00cdPIO DE CORONEL XAVIER CHAVES, WANESSA JULIETA CARDOSO, EM GOZO DE F\u00c9RIAS REGULAMENTARES DE 10 DE JANEIRO DE 2019 A 08 DE FEVEREIRO DE 2019, COM POSSIBILIDADE DE PRORROGA\u00c7\u00c3O&#8230;<\/p>\n<p>&nbsp;<\/p>\n<div class=\"printshowonly\">\n<p>*<b>PUBLICA\u00c7\u00c3O<\/b><\/p>\n<ul>\n<li>Um destaque desta publica\u00e7\u00e3o foi gerado na p\u00e1gina inicial do site, dispon\u00edvel at\u00e9 que demais publica\u00e7\u00f5es sejam realizadas.<\/li>\n<li>Uma publica\u00e7\u00e3o permanente foi feita na p\u00e1gina de Editais e Licita\u00e7\u00f5es.<\/li>\n<li>Link para acesso:\u00a0http:\/\/coronelxavierchaves.mg.gov.br\/prefeitura\/wp-json\/wp\/v2\/posts\/3022<\/li>\n<\/ul>\n<\/div>\n","protected":false},"excerpt":{"rendered":"<p>DOWNLOADS EDITAL, publicado em 08\/01\/2019 \u00e0s 21:41h. &nbsp; &nbsp; RESUMO VIMOS PELO PRESENTE, CONVOCAR A SUPLENTE DO CONSELHO TUTELAR DO MUNIC\u00cdPIO DE CORONEL XAVIER CHAVES, TAMIRES RIBEIRO MAGALH\u00c3ES, PARA SUBSTITUI\u00c7\u00c3O DA TITULAR DO CONSELHO TUTELAR DO MUNIC\u00cdPIO DE CORONEL XAVIER CHAVES, WANESSA JULIETA CARDOSO, EM GOZO DE F\u00c9RIAS REGULAMENTARES DE 10 DE JANEIRO DE 2019 [&hellip;]<\/p>\n","protected":false},"author":1,"featured_media":737,"comment_status":"open","ping_status":"open","sticky":false,"template":"","format":"standard","meta":{"footnotes":"","_links_to":"","_links_to_target":""},"categories":[42],"tags":[],"class_list":{"0":"post-3022","1":"post","2":"type-post","3":"status-publish","4":"format-standard","5":"has-post-thumbnail","7":"category-editais-de-convocacao-e-contratacao-2019"},"_links":{"self":[{"href":"https:\/\/coronelxavierchaves.mg.gov.br\/prefeitura\/wp-json\/wp\/v2\/posts\/3022","targetHints":{"allow":["GET"]}}],"collection":[{"href":"https:\/\/coronelxavierchaves.mg.gov.br\/prefeitura\/wp-json\/wp\/v2\/posts"}],"about":[{"href":"https:\/\/coronelxavierchaves.mg.gov.br\/prefeitura\/wp-json\/wp\/v2\/types\/post"}],"author":[{"embeddable":true,"href":"https:\/\/coronelxavierchaves.mg.gov.br\/prefeitura\/wp-json\/wp\/v2\/users\/1"}],"replies":[{"embeddable":true,"href":"https:\/\/coronelxavierchaves.mg.gov.br\/prefeitura\/wp-json\/wp\/v2\/comments?post=3022"}],"version-history":[{"count":1,"href":"https:\/\/coronelxavierchaves.mg.gov.br\/prefeitura\/wp-json\/wp\/v2\/posts\/3022\/revisions"}],"predecessor-version":[{"id":16410,"href":"https:\/\/coronelxavierchaves.mg.gov.br\/prefeitura\/wp-json\/wp\/v2\/posts\/3022\/revisions\/16410"}],"wp:featuredmedia":[{"embeddable":true,"href":"https:\/\/coronelxavierchaves.mg.gov.br\/prefeitura\/wp-json\/wp\/v2\/media\/737"}],"wp:attachment":[{"href":"https:\/\/coronelxavierchaves.mg.gov.br\/prefeitura\/wp-json\/wp\/v2\/media?parent=3022"}],"wp:term":[{"taxonomy":"category","embeddable":true,"href":"https:\/\/coronelxavierchaves.mg.gov.br\/prefeitura\/wp-json\/wp\/v2\/categories?post=3022"},{"taxonomy":"post_tag","embeddable":true,"href":"https:\/\/coronelxavierchaves.mg.gov.br\/prefeitura\/wp-json\/wp\/v2\/tags?post=3022"}],"curies":[{"name":"wp","href":"https:\/\/api.w.org\/{rel}","templated":true}]}}