{"id":3049,"date":"2019-01-14T20:51:12","date_gmt":"2019-01-14T22:51:12","guid":{"rendered":"http:\/\/coronelxavierchaves.mg.gov.br\/prefeitura\/?p=3049"},"modified":"2020-01-03T21:22:33","modified_gmt":"2020-01-04T00:22:33","slug":"aquisicao-de-materiais-de-construcao-ferramentas-equipamentos-e-maquinas-diversas-pl-05-2019","status":"publish","type":"post","link":"https:\/\/coronelxavierchaves.mg.gov.br\/prefeitura\/2019\/01\/14\/aquisicao-de-materiais-de-construcao-ferramentas-equipamentos-e-maquinas-diversas-pl-05-2019\/","title":{"rendered":"AQUISI\u00c7\u00c3O DE MATERIAIS DE CONSTRU\u00c7\u00c3O, FERRAMENTAS, EQUIPAMENTOS E M\u00c1QUINAS DIVERSAS (PL 05\/2019)"},"content":{"rendered":"<blockquote><p>DOWNLOADS<\/p><\/blockquote>\n<ul>\n<li><a href=\"http:\/\/coronelxavierchaves.mg.gov.br\/prefeitura\/wp-content\/uploads\/2019\/01\/07-EDITAL-MAT.-CONSTRU\u00c7\u00c3O-2019.pdf\" target=\"_blank\" rel=\"noopener noreferrer\">EDITAL<\/a>, publicado em 14\/01\/2019 \u00e0s 20:49h.\n<ul>\n<li><a href=\"http:\/\/coronelxavierchaves.mg.gov.br\/prefeitura\/others\/processo00000519.xml\" target=\"_blank\" rel=\"noopener noreferrer\">ARQUIVO XML<\/a><\/li>\n<li><a href=\"http:\/\/www.coronelxavierchaves.mg.gov.br\/site\/proposta.exe\" target=\"_blank\" rel=\"noopener noreferrer\">BAIXAR SOFTWARE PARA PROPOSTA<\/a><\/li>\n<\/ul>\n<\/li>\n<\/ul>\n<ul>\n<li><a href=\"http:\/\/coronelxavierchaves.mg.gov.br\/prefeitura\/wp-content\/uploads\/2019\/02\/atas_0219.zip\" target=\"_blank\" rel=\"noopener noreferrer\">ATA DE REGISTRO DE PRE\u00c7OS<\/a>, publicado em 02\/02\/2019 \u00e0s 22:02h.<\/li>\n<li><a href=\"http:\/\/coronelxavierchaves.mg.gov.br\/prefeitura\/wp-content\/uploads\/2020\/01\/TERMO-RESCISAO-AMIGAVEL-XAVIERENSE.pdf\" target=\"_blank\" rel=\"noopener noreferrer\">TERMO DE RESCIS\u00c3O<\/a>, publicado em 03\/01\/2020 \u00e0s 20:35h.<\/li>\n<li><a href=\"http:\/\/coronelxavierchaves.mg.gov.br\/prefeitura\/wp-content\/uploads\/2020\/01\/ATA-MATERIAL-DE-CONSTRU\u00c7\u00c3O-SANTOS-E-ASSUN\u00c7\u00c3O-2\u00ba-COLOCADO.pdf\" target=\"_blank\" rel=\"noopener noreferrer\">ATA 2\u00ba COLOCADO<\/a>, publicado em 03\/01\/2020 \u00e0s 21:20h.<\/li>\n<\/ul>\n<p>&nbsp;<\/p>\n<p>&nbsp;<\/p>\n<blockquote><p>OBJETO<\/p><\/blockquote>\n<p>AQUISI\u00c7\u00c3O DE MATERIAIS DE CONSTRU\u00c7\u00c3O, FERRAMENTAS, EQUIPAMENTOS E M\u00c1QUINAS<br \/>\nDIVERSAS,<\/p>\n<p>&nbsp;<\/p>\n<p>&nbsp;<\/p>\n<blockquote><p>RESUMO<\/p><\/blockquote>\n<table>\n<tbody>\n<tr>\n<td style=\"padding: 10px; width: 50%;\"><strong>Processo Licitat\u00f3rio N.\u00ba<\/strong>: 05\/2019<\/td>\n<td style=\"padding: 10px;\"><strong>Preg\u00e3o Presencial N.\u00ba<\/strong>: 02\/2019<\/td>\n<\/tr>\n<tr>\n<td style=\"padding: 10px;\"><strong>Credenciamento<\/strong>:\u00a029\/01\/2019 \u00e0s 08h00min<\/td>\n<td style=\"padding: 10px;\"><strong>Abertura<\/strong>:\u00a029\/01\/2019<\/td>\n<\/tr>\n<tr>\n<td style=\"padding: 10px;\"><strong>Tipo<\/strong>:\u00a0MENOR PRE\u00c7O POR ITEM<\/td>\n<td style=\"padding: 10px;\"><strong>Local<\/strong>:\u00a0Prefeitura Municipal de Coronel<br \/>\nXavier Chaves<\/td>\n<\/tr>\n<\/tbody>\n<\/table>\n<p>&nbsp;<\/p>\n<p>&nbsp;<\/p>\n<div class=\"printshowonly\">\n<p>*<b>PUBLICA\u00c7\u00c3O<\/b><\/p>\n<ul>\n<li>Um destaque desta publica\u00e7\u00e3o foi gerado na p\u00e1gina inicial do site, dispon\u00edvel at\u00e9 que demais publica\u00e7\u00f5es sejam realizadas.<\/li>\n<li>Uma publica\u00e7\u00e3o permanente foi feita na p\u00e1gina de Editais e Licita\u00e7\u00f5es.<\/li>\n<li>Link para acesso:\u00a0http:\/\/coronelxavierchaves.mg.gov.br\/prefeitura\/wp-json\/wp\/v2\/posts\/3049<\/li>\n<\/ul>\n<\/div>\n","protected":false},"excerpt":{"rendered":"<p>DOWNLOADS EDITAL, publicado em 14\/01\/2019 \u00e0s 20:49h. ARQUIVO XML BAIXAR SOFTWARE PARA PROPOSTA ATA DE REGISTRO DE PRE\u00c7OS, publicado em 02\/02\/2019 \u00e0s 22:02h. TERMO DE RESCIS\u00c3O, publicado em 03\/01\/2020 \u00e0s 20:35h. ATA 2\u00ba COLOCADO, publicado em 03\/01\/2020 \u00e0s 21:20h. &nbsp; &nbsp; OBJETO AQUISI\u00c7\u00c3O DE MATERIAIS DE CONSTRU\u00c7\u00c3O, FERRAMENTAS, EQUIPAMENTOS E M\u00c1QUINAS DIVERSAS, &nbsp; &nbsp; RESUMO [&hellip;]<\/p>\n","protected":false},"author":1,"featured_media":737,"comment_status":"open","ping_status":"open","sticky":false,"template":"","format":"standard","meta":{"footnotes":"","_links_to":"","_links_to_target":""},"categories":[43],"tags":[],"class_list":{"0":"post-3049","1":"post","2":"type-post","3":"status-publish","4":"format-standard","5":"has-post-thumbnail","7":"category-editais-de-licitacao-2019"},"_links":{"self":[{"href":"https:\/\/coronelxavierchaves.mg.gov.br\/prefeitura\/wp-json\/wp\/v2\/posts\/3049","targetHints":{"allow":["GET"]}}],"collection":[{"href":"https:\/\/coronelxavierchaves.mg.gov.br\/prefeitura\/wp-json\/wp\/v2\/posts"}],"about":[{"href":"https:\/\/coronelxavierchaves.mg.gov.br\/prefeitura\/wp-json\/wp\/v2\/types\/post"}],"author":[{"embeddable":true,"href":"https:\/\/coronelxavierchaves.mg.gov.br\/prefeitura\/wp-json\/wp\/v2\/users\/1"}],"replies":[{"embeddable":true,"href":"https:\/\/coronelxavierchaves.mg.gov.br\/prefeitura\/wp-json\/wp\/v2\/comments?post=3049"}],"version-history":[{"count":3,"href":"https:\/\/coronelxavierchaves.mg.gov.br\/prefeitura\/wp-json\/wp\/v2\/posts\/3049\/revisions"}],"predecessor-version":[{"id":5431,"href":"https:\/\/coronelxavierchaves.mg.gov.br\/prefeitura\/wp-json\/wp\/v2\/posts\/3049\/revisions\/5431"}],"wp:featuredmedia":[{"embeddable":true,"href":"https:\/\/coronelxavierchaves.mg.gov.br\/prefeitura\/wp-json\/wp\/v2\/media\/737"}],"wp:attachment":[{"href":"https:\/\/coronelxavierchaves.mg.gov.br\/prefeitura\/wp-json\/wp\/v2\/media?parent=3049"}],"wp:term":[{"taxonomy":"category","embeddable":true,"href":"https:\/\/coronelxavierchaves.mg.gov.br\/prefeitura\/wp-json\/wp\/v2\/categories?post=3049"},{"taxonomy":"post_tag","embeddable":true,"href":"https:\/\/coronelxavierchaves.mg.gov.br\/prefeitura\/wp-json\/wp\/v2\/tags?post=3049"}],"curies":[{"name":"wp","href":"https:\/\/api.w.org\/{rel}","templated":true}]}}