{"id":3053,"date":"2019-01-17T20:54:43","date_gmt":"2019-01-17T22:54:43","guid":{"rendered":"http:\/\/coronelxavierchaves.mg.gov.br\/prefeitura\/?p=3053"},"modified":"2022-05-18T09:20:45","modified_gmt":"2022-05-18T12:20:45","slug":"contratacao-de-firma-especializada-para-a-realizacao-dos-eventos-culturais-e-turisticos-pl-06-2019","status":"publish","type":"post","link":"https:\/\/coronelxavierchaves.mg.gov.br\/prefeitura\/2019\/01\/17\/contratacao-de-firma-especializada-para-a-realizacao-dos-eventos-culturais-e-turisticos-pl-06-2019\/","title":{"rendered":"CONTRATA\u00c7\u00c3O DE FIRMA ESPECIALIZADA PARA A REALIZA\u00c7\u00c3O DOS EVENTOS CULTURAIS E TUR\u00cdSTICOS&#8230; (PL 06\/2019)"},"content":{"rendered":"<blockquote><p>DOWNLOADS<\/p><\/blockquote>\n<ul>\n<li><a href=\"http:\/\/coronelxavierchaves.mg.gov.br\/prefeitura\/wp-content\/uploads\/2019\/01\/06-EDITAL-DE-EVENTOS-2019.pdf\" target=\"_blank\" rel=\"noopener noreferrer\">EDITAL<\/a>, publicado em 17\/01\/2019 \u00e0s 20:53h.<\/li>\n<li><a href=\"http:\/\/coronelxavierchaves.mg.gov.br\/prefeitura\/wp-content\/uploads\/2019\/02\/12-ATA-DE-REGISTRO-DE-PRE\u00c7OS-EVENTOS-2019.pdf\" target=\"_blank\" rel=\"noopener noreferrer\">ATA DE REGISTRO DE PRE\u00c7OS<\/a>, publicado em 02\/02\/2019 \u00e0s 21:55h.<\/li>\n<li><a href=\"http:\/\/coronelxavierchaves.mg.gov.br\/prefeitura\/wp-content\/uploads\/2020\/01\/CONTRATO-EVENTOS.pdf\" target=\"_blank\" rel=\"noopener noreferrer\">CONTRATO<\/a>, publicado em 15\/01\/2020 \u00e0s 22:15h.<\/li>\n<li><a href=\"http:\/\/coronelxavierchaves.mg.gov.br\/prefeitura\/wp-content\/uploads\/2019\/01\/1o-ADITAMENTO-CONTRATO-EVENTOS-PREGAO-032019.pdf\">1\u00ba ADITAMENTO CONTRATO<\/a>, publicado em 14\/01\/2021 \u00e0s 10:31h.<\/li>\n<li><del><a href=\"http:\/\/coronelxavierchaves.mg.gov.br\/prefeitura\/wp-content\/uploads\/2021\/11\/3o-ADITAMENTO-CONTRATO-EVENTOS-PREGAO-032019-PUBLICAR.pdf\">3\u00ba ADITAMENTO CONTRATO<\/a>, publicado em 16\/11\/2021 \u00e0s 08:52h.<\/del><\/li>\n<li><a href=\"http:\/\/coronelxavierchaves.mg.gov.br\/prefeitura\/wp-content\/uploads\/2019\/01\/ERRATA.pdf\">ERRATA<\/a>, publicado em 30\/11\/2021 \u00e0s 16:40.<\/li>\n<li><a href=\"http:\/\/coronelxavierchaves.mg.gov.br\/prefeitura\/wp-content\/uploads\/2019\/01\/2o-ADITAMENTO-CONTRATO-EVENTOS-PREGAO-032019-RETIFICADO-PUBLICAR.pdf\">2\u00ba ADITAMENTO CONTRATO<\/a>, publicado em 30\/11\/2021 \u00e0s 16:40.<\/li>\n<li><a href=\"http:\/\/coronelxavierchaves.mg.gov.br\/prefeitura\/wp-content\/uploads\/2022\/05\/3o-ADITAMENTO-EVENTOS-PUBLICAR.pdf\">3\u00ba ADITAMENTO CONTRATO<\/a>, publicado em 18\/05\/2022 \u00e0s 09:20h.<\/li>\n<\/ul>\n<p>&nbsp;<\/p>\n<blockquote><p>OBJETO<\/p><\/blockquote>\n<p>CONTRATA\u00c7\u00c3O DE FIRMA ESPECIALIZADA PARA A REALIZA\u00c7\u00c3O DOS EVENTOS CULTURAIS E TUR\u00cdSTICOS, E FORNECIMENTO DE SONORIZA\u00c7\u00c3O DIVERSOS, NA SEDE E ZONA RURAL<\/p>\n<p>&nbsp;<\/p>\n<p>&nbsp;<\/p>\n<blockquote><p>RESUMO<\/p><\/blockquote>\n<table>\n<tbody>\n<tr>\n<td style=\"padding: 10px; width: 50%;\"><strong>Processo Licitat\u00f3rio N.\u00ba<\/strong>: 06\/2019<\/td>\n<td style=\"padding: 10px;\"><strong>Preg\u00e3o Presencial N.\u00ba<\/strong>: 03\/2019<\/td>\n<\/tr>\n<tr>\n<td style=\"padding: 10px;\"><strong>Credenciamento<\/strong>:\u00a031\/01\/2019 \u00e0s 08h00min<\/td>\n<td style=\"padding: 10px;\"><strong>Abertura<\/strong>:\u00a031\/01\/2019<\/td>\n<\/tr>\n<tr>\n<td style=\"padding: 10px;\"><strong>Tipo<\/strong>:\u00a0MENOR PRE\u00c7O POR ITEM<\/td>\n<td style=\"padding: 10px;\"><strong>Local<\/strong>:\u00a0Prefeitura Municipal de Coronel Xavier Chaves<\/td>\n<\/tr>\n<\/tbody>\n<\/table>\n<p>&nbsp;<\/p>\n<p>&nbsp;<\/p>\n<div class=\"printshowonly\">\n<p>*<b>PUBLICA\u00c7\u00c3O<\/b><\/p>\n<ul>\n<li>Um destaque desta publica\u00e7\u00e3o foi gerado na p\u00e1gina inicial do site, dispon\u00edvel at\u00e9 que demais publica\u00e7\u00f5es sejam realizadas.<\/li>\n<li>Uma publica\u00e7\u00e3o permanente foi feita na p\u00e1gina de Editais e Licita\u00e7\u00f5es.<\/li>\n<li>Link para acesso:\u00a0http:\/\/coronelxavierchaves.mg.gov.br\/prefeitura\/wp-json\/wp\/v2\/posts\/3053<\/li>\n<\/ul>\n<\/div>\n","protected":false},"excerpt":{"rendered":"<p>DOWNLOADS EDITAL, publicado em 17\/01\/2019 \u00e0s 20:53h. ATA DE REGISTRO DE PRE\u00c7OS, publicado em 02\/02\/2019 \u00e0s 21:55h. CONTRATO, publicado em 15\/01\/2020 \u00e0s 22:15h. 1\u00ba ADITAMENTO CONTRATO, publicado em 14\/01\/2021 \u00e0s 10:31h. 3\u00ba ADITAMENTO CONTRATO, publicado em 16\/11\/2021 \u00e0s 08:52h. ERRATA, publicado em 30\/11\/2021 \u00e0s 16:40. 2\u00ba ADITAMENTO CONTRATO, publicado em 30\/11\/2021 \u00e0s 16:40. 3\u00ba ADITAMENTO [&hellip;]<\/p>\n","protected":false},"author":1,"featured_media":737,"comment_status":"open","ping_status":"open","sticky":false,"template":"","format":"standard","meta":{"footnotes":"","_links_to":"","_links_to_target":""},"categories":[43],"tags":[],"class_list":{"0":"post-3053","1":"post","2":"type-post","3":"status-publish","4":"format-standard","5":"has-post-thumbnail","7":"category-editais-de-licitacao-2019"},"_links":{"self":[{"href":"https:\/\/coronelxavierchaves.mg.gov.br\/prefeitura\/wp-json\/wp\/v2\/posts\/3053","targetHints":{"allow":["GET"]}}],"collection":[{"href":"https:\/\/coronelxavierchaves.mg.gov.br\/prefeitura\/wp-json\/wp\/v2\/posts"}],"about":[{"href":"https:\/\/coronelxavierchaves.mg.gov.br\/prefeitura\/wp-json\/wp\/v2\/types\/post"}],"author":[{"embeddable":true,"href":"https:\/\/coronelxavierchaves.mg.gov.br\/prefeitura\/wp-json\/wp\/v2\/users\/1"}],"replies":[{"embeddable":true,"href":"https:\/\/coronelxavierchaves.mg.gov.br\/prefeitura\/wp-json\/wp\/v2\/comments?post=3053"}],"version-history":[{"count":6,"href":"https:\/\/coronelxavierchaves.mg.gov.br\/prefeitura\/wp-json\/wp\/v2\/posts\/3053\/revisions"}],"predecessor-version":[{"id":14309,"href":"https:\/\/coronelxavierchaves.mg.gov.br\/prefeitura\/wp-json\/wp\/v2\/posts\/3053\/revisions\/14309"}],"wp:featuredmedia":[{"embeddable":true,"href":"https:\/\/coronelxavierchaves.mg.gov.br\/prefeitura\/wp-json\/wp\/v2\/media\/737"}],"wp:attachment":[{"href":"https:\/\/coronelxavierchaves.mg.gov.br\/prefeitura\/wp-json\/wp\/v2\/media?parent=3053"}],"wp:term":[{"taxonomy":"category","embeddable":true,"href":"https:\/\/coronelxavierchaves.mg.gov.br\/prefeitura\/wp-json\/wp\/v2\/categories?post=3053"},{"taxonomy":"post_tag","embeddable":true,"href":"https:\/\/coronelxavierchaves.mg.gov.br\/prefeitura\/wp-json\/wp\/v2\/tags?post=3053"}],"curies":[{"name":"wp","href":"https:\/\/api.w.org\/{rel}","templated":true}]}}