{"id":3060,"date":"2019-01-22T21:11:08","date_gmt":"2019-01-22T23:11:08","guid":{"rendered":"http:\/\/coronelxavierchaves.mg.gov.br\/prefeitura\/?p=3060"},"modified":"2023-04-05T10:43:03","modified_gmt":"2023-04-05T13:43:03","slug":"fornecimento-de-mao-de-obra-tecnica-eletricista-para-realizacao-de-reparos-e-manutencoes-pl-07-2019","status":"publish","type":"post","link":"https:\/\/coronelxavierchaves.mg.gov.br\/prefeitura\/2019\/01\/22\/fornecimento-de-mao-de-obra-tecnica-eletricista-para-realizacao-de-reparos-e-manutencoes-pl-07-2019\/","title":{"rendered":"FORNECIMENTO DE M\u00c3O DE OBRA T\u00c9CNICA (ELETRICISTA) PARA REALIZA\u00c7\u00c3O DE REPAROS E MANUTEN\u00c7\u00d5ES&#8230; (PL 07\/2019)"},"content":{"rendered":"<blockquote><p>DOWNLOADS<\/p><\/blockquote>\n<ul>\n<li><a href=\"http:\/\/coronelxavierchaves.mg.gov.br\/prefeitura\/wp-content\/uploads\/2019\/01\/05-EDITAL-PRESTA\u00c7\u00c3O-DE-SERVI\u00c7O-ELETRICISTA-2019-1.pdf\" target=\"_blank\" rel=\"noopener noreferrer\">EDITAL<\/a>, publicado em 22\/01\/2019 \u00e0s 21:09h.<\/li>\n<\/ul>\n<ul>\n<li><a href=\"http:\/\/coronelxavierchaves.mg.gov.br\/prefeitura\/wp-content\/uploads\/2019\/02\/CONTRATO.pdf\" target=\"_blank\" rel=\"noopener noreferrer\">CONTRATO<\/a>, publicado em 12\/02\/2019 \u00e0s 23:56h.<\/li>\n<li><a href=\"http:\/\/coronelxavierchaves.mg.gov.br\/prefeitura\/wp-content\/uploads\/2020\/02\/1\u00ba-TERMO-ADITAMENTO-CONTRATACAO-ELETRICISTA-EDMAR.pdf\" target=\"_blank\" rel=\"noopener noreferrer\">1\u00ba TERMO ADITAMENTO<\/a>, publicado em 10\/02\/2020 \u00e0s 15:02h.<\/li>\n<li><a href=\"http:\/\/coronelxavierchaves.mg.gov.br\/prefeitura\/wp-content\/uploads\/2019\/01\/2o-TERMO-ADITAMENTO-CONTRATACAO-ELETRICISTA-EDMAR.pdf\">2\u00ba TERMO ADITAMENTO<\/a>, publicado em 04\/01\/2021 \u00e0s 10:07h.<\/li>\n<li><a href=\"http:\/\/coronelxavierchaves.mg.gov.br\/prefeitura\/wp-content\/uploads\/2022\/01\/3o-TERMO-ADITAMENTO-CONTRATACAO-ELETRICISTA-EDMAR-PUBLICAR.pdf\">3\u00ba TERMO ADITAMENTO<\/a>, publicado em 04\/01\/2022 \u00e0s 09:05h.<\/li>\n<li><a href=\"http:\/\/coronelxavierchaves.mg.gov.br\/prefeitura\/wp-content\/uploads\/2023\/01\/4o-TERMO-ADITAMENTO-CONTRATACAO-ELETRICISTA-EDMAR-PUBLICAR.pdf\">4\u00ba TERMO ADITIVO<\/a>, publicado em 13\/01\/2023 \u00e0s 15:06h.<\/li>\n<li><a href=\"http:\/\/coronelxavierchaves.mg.gov.br\/prefeitura\/wp-content\/uploads\/2023\/04\/5o-TERMO-ADITAMENTO-CONTRATACAO-ELETRICISTA-EDMAR-publicar.pdf\">5\u00ba TERMO ADITIVO<\/a>, publicado em 05\/04\/2023 \u00e0s 10:42h.<\/li>\n<\/ul>\n<p>&nbsp;<\/p>\n<p>&nbsp;<\/p>\n<blockquote><p>OBJETO<\/p><\/blockquote>\n<p>FORNECIMENTO DE M\u00c3O DE OBRA T\u00c9CNICA (ELETRICISTA) PARA REALIZA\u00c7\u00c3O DE REPAROS E MANUTEN\u00c7\u00d5ES NA REDE EL\u00c9TRICA EM \u00c1REAS E PR\u00c9DIOS DE DOM\u00cdNIO P\u00daBLICO DO MUNIC\u00cdPIO (HORA T\u00c9CNICA HOMEM),<\/p>\n<p>&nbsp;<\/p>\n<p>&nbsp;<\/p>\n<blockquote><p>RESUMO<\/p><\/blockquote>\n<table>\n<tbody>\n<tr>\n<td width=\"317\">Processo Licitat\u00f3rio N.\u00ba:\u00a0<strong>07\/2019<\/strong><\/p>\n<p>Preg\u00e3o Presencial N.\u00ba:\u00a0<strong>04\/2019<\/strong><\/p>\n<p>Credenciamento:<strong>\u00a007\/02\/2019 \u00e0s 08h00min<\/strong><\/p>\n<p>Abertura:\u00a0<strong>07\/02\/2019 ap\u00f3s o credenciamento<\/strong><\/td>\n<td width=\"317\">Tipo:\u00a0<strong>MENOR PRE\u00c7O POR ITEM<\/strong><\/p>\n<p>Hor\u00e1rio de abertura:\u00a0<strong>Ap\u00f3s o credenciamento<\/strong><\/p>\n<p>Local:\u00a0<strong>Prefeitura Municipal de Coronel Xavier Chaves<\/strong><\/td>\n<\/tr>\n<\/tbody>\n<\/table>\n<p>&nbsp;<\/p>\n<p>&nbsp;<\/p>\n<div class=\"printshowonly\">\n<p>*<b>PUBLICA\u00c7\u00c3O<\/b><\/p>\n<ul>\n<li>Um destaque desta publica\u00e7\u00e3o foi gerado na p\u00e1gina inicial do site, dispon\u00edvel at\u00e9 que demais publica\u00e7\u00f5es sejam realizadas.<\/li>\n<li>Uma publica\u00e7\u00e3o permanente foi feita na p\u00e1gina de Editais e Licita\u00e7\u00f5es.<\/li>\n<li>Link para acesso:\u00a0http:\/\/coronelxavierchaves.mg.gov.br\/prefeitura\/wp-json\/wp\/v2\/posts\/3060<\/li>\n<\/ul>\n<\/div>\n","protected":false},"excerpt":{"rendered":"<p>DOWNLOADS EDITAL, publicado em 22\/01\/2019 \u00e0s 21:09h. CONTRATO, publicado em 12\/02\/2019 \u00e0s 23:56h. 1\u00ba TERMO ADITAMENTO, publicado em 10\/02\/2020 \u00e0s 15:02h. 2\u00ba TERMO ADITAMENTO, publicado em 04\/01\/2021 \u00e0s 10:07h. 3\u00ba TERMO ADITAMENTO, publicado em 04\/01\/2022 \u00e0s 09:05h. 4\u00ba TERMO ADITIVO, publicado em 13\/01\/2023 \u00e0s 15:06h. 5\u00ba TERMO ADITIVO, publicado em 05\/04\/2023 \u00e0s 10:42h. &nbsp; &nbsp; [&hellip;]<\/p>\n","protected":false},"author":1,"featured_media":737,"comment_status":"open","ping_status":"open","sticky":false,"template":"","format":"standard","meta":{"footnotes":"","_links_to":"","_links_to_target":""},"categories":[43],"tags":[],"class_list":{"0":"post-3060","1":"post","2":"type-post","3":"status-publish","4":"format-standard","5":"has-post-thumbnail","7":"category-editais-de-licitacao-2019"},"_links":{"self":[{"href":"https:\/\/coronelxavierchaves.mg.gov.br\/prefeitura\/wp-json\/wp\/v2\/posts\/3060","targetHints":{"allow":["GET"]}}],"collection":[{"href":"https:\/\/coronelxavierchaves.mg.gov.br\/prefeitura\/wp-json\/wp\/v2\/posts"}],"about":[{"href":"https:\/\/coronelxavierchaves.mg.gov.br\/prefeitura\/wp-json\/wp\/v2\/types\/post"}],"author":[{"embeddable":true,"href":"https:\/\/coronelxavierchaves.mg.gov.br\/prefeitura\/wp-json\/wp\/v2\/users\/1"}],"replies":[{"embeddable":true,"href":"https:\/\/coronelxavierchaves.mg.gov.br\/prefeitura\/wp-json\/wp\/v2\/comments?post=3060"}],"version-history":[{"count":5,"href":"https:\/\/coronelxavierchaves.mg.gov.br\/prefeitura\/wp-json\/wp\/v2\/posts\/3060\/revisions"}],"predecessor-version":[{"id":16678,"href":"https:\/\/coronelxavierchaves.mg.gov.br\/prefeitura\/wp-json\/wp\/v2\/posts\/3060\/revisions\/16678"}],"wp:featuredmedia":[{"embeddable":true,"href":"https:\/\/coronelxavierchaves.mg.gov.br\/prefeitura\/wp-json\/wp\/v2\/media\/737"}],"wp:attachment":[{"href":"https:\/\/coronelxavierchaves.mg.gov.br\/prefeitura\/wp-json\/wp\/v2\/media?parent=3060"}],"wp:term":[{"taxonomy":"category","embeddable":true,"href":"https:\/\/coronelxavierchaves.mg.gov.br\/prefeitura\/wp-json\/wp\/v2\/categories?post=3060"},{"taxonomy":"post_tag","embeddable":true,"href":"https:\/\/coronelxavierchaves.mg.gov.br\/prefeitura\/wp-json\/wp\/v2\/tags?post=3060"}],"curies":[{"name":"wp","href":"https:\/\/api.w.org\/{rel}","templated":true}]}}