{"id":3113,"date":"2019-02-04T19:48:07","date_gmt":"2019-02-04T21:48:07","guid":{"rendered":"http:\/\/coronelxavierchaves.mg.gov.br\/prefeitura\/?p=3113"},"modified":"2019-02-04T19:48:25","modified_gmt":"2019-02-04T21:48:25","slug":"convocacao-de-aprovados-em-concurso-publico-01-2017-operador-de-maquina","status":"publish","type":"post","link":"https:\/\/coronelxavierchaves.mg.gov.br\/prefeitura\/2019\/02\/04\/convocacao-de-aprovados-em-concurso-publico-01-2017-operador-de-maquina\/","title":{"rendered":"CONVOCA\u00c7\u00c3O DE APROVADOS EM CONCURSO P\u00daBLICO 01\/2017: OPERADOR DE M\u00c1QUINA"},"content":{"rendered":"<blockquote><p>DOWNLOADS<\/p><\/blockquote>\n<ul>\n<li><a href=\"http:\/\/coronelxavierchaves.mg.gov.br\/prefeitura\/wp-content\/uploads\/2019\/02\/EDITAL-DE-CONVOCA\u00c7\u00c3O-PARA-CONTRATA\u00c7\u00c3O-TEMPOR\u00c1RIA-DE-OPERADOR-DE-M\u00c1QUINAS2.pdf\" target=\"_blank\" rel=\"noopener\">CONVOCA\u00c7\u00c3O<\/a>\u00a0publicado em 04\/02\/2019 \u00e0s 19:46h.<\/li>\n<\/ul>\n<p>&nbsp;<\/p>\n<p>&nbsp;<\/p>\n<p>A PREFEITURA MUNICIPAL DE CORONEL XAVIER CHAVES, NOS TERMOS DA CONSTITUI\u00c7\u00c3O DO MUNICIPIO DE CORONEL XAVIER CHAVES, ART. 13 DO ESTATUTO DOS SERVIDORES P\u00daBLICOS CIVIS MUNICIPAIS DE CORONEL XAVIER CHAVES E NO INCISO II DO ART. 37 DA CONSTITUI\u00c7\u00c3O FEDERAL, VEM ATRAV\u00c9S DO PRESENTE, publicar EDITAL DE CONVOCA\u00c7\u00c3O PARA os candidatos aprovados nos termos do edital 01\/2017 de concurso p\u00fablico, para CONTRATO:<\/p>\n<p>&nbsp;<\/p>\n<p>&nbsp;<\/p>\n<p>&nbsp;<\/p>\n<div class=\"printshowonly\">\n<p>*<b>PUBLICA\u00c7\u00c3O<\/b><\/p>\n<ul>\n<li>Um destaque desta publica\u00e7\u00e3o foi gerado na p\u00e1gina inicial do site, dispon\u00edvel at\u00e9 que demais publica\u00e7\u00f5es sejam realizadas.<\/li>\n<li>Uma publica\u00e7\u00e3o permanente foi feita na p\u00e1gina de Editais e Licita\u00e7\u00f5es.<\/li>\n<li>Link para acesso:\u00a0http:\/\/coronelxavierchaves.mg.gov.br\/prefeitura\/wp-json\/wp\/v2\/posts\/3113<\/li>\n<\/ul>\n<\/div>\n","protected":false},"excerpt":{"rendered":"<p>DOWNLOADS CONVOCA\u00c7\u00c3O\u00a0publicado em 04\/02\/2019 \u00e0s 19:46h. &nbsp; &nbsp; A PREFEITURA MUNICIPAL DE CORONEL XAVIER CHAVES, NOS TERMOS DA CONSTITUI\u00c7\u00c3O DO MUNICIPIO DE CORONEL XAVIER CHAVES, ART. 13 DO ESTATUTO DOS SERVIDORES P\u00daBLICOS CIVIS MUNICIPAIS DE CORONEL XAVIER CHAVES E NO INCISO II DO ART. 37 DA CONSTITUI\u00c7\u00c3O FEDERAL, VEM ATRAV\u00c9S DO PRESENTE, publicar EDITAL DE [&hellip;]<\/p>\n","protected":false},"author":1,"featured_media":737,"comment_status":"open","ping_status":"open","sticky":false,"template":"","format":"standard","meta":{"footnotes":"","_links_to":"","_links_to_target":""},"categories":[42],"tags":[],"class_list":{"0":"post-3113","1":"post","2":"type-post","3":"status-publish","4":"format-standard","5":"has-post-thumbnail","7":"category-editais-de-convocacao-e-contratacao-2019"},"_links":{"self":[{"href":"https:\/\/coronelxavierchaves.mg.gov.br\/prefeitura\/wp-json\/wp\/v2\/posts\/3113","targetHints":{"allow":["GET"]}}],"collection":[{"href":"https:\/\/coronelxavierchaves.mg.gov.br\/prefeitura\/wp-json\/wp\/v2\/posts"}],"about":[{"href":"https:\/\/coronelxavierchaves.mg.gov.br\/prefeitura\/wp-json\/wp\/v2\/types\/post"}],"author":[{"embeddable":true,"href":"https:\/\/coronelxavierchaves.mg.gov.br\/prefeitura\/wp-json\/wp\/v2\/users\/1"}],"replies":[{"embeddable":true,"href":"https:\/\/coronelxavierchaves.mg.gov.br\/prefeitura\/wp-json\/wp\/v2\/comments?post=3113"}],"version-history":[{"count":0,"href":"https:\/\/coronelxavierchaves.mg.gov.br\/prefeitura\/wp-json\/wp\/v2\/posts\/3113\/revisions"}],"wp:featuredmedia":[{"embeddable":true,"href":"https:\/\/coronelxavierchaves.mg.gov.br\/prefeitura\/wp-json\/wp\/v2\/media\/737"}],"wp:attachment":[{"href":"https:\/\/coronelxavierchaves.mg.gov.br\/prefeitura\/wp-json\/wp\/v2\/media?parent=3113"}],"wp:term":[{"taxonomy":"category","embeddable":true,"href":"https:\/\/coronelxavierchaves.mg.gov.br\/prefeitura\/wp-json\/wp\/v2\/categories?post=3113"},{"taxonomy":"post_tag","embeddable":true,"href":"https:\/\/coronelxavierchaves.mg.gov.br\/prefeitura\/wp-json\/wp\/v2\/tags?post=3113"}],"curies":[{"name":"wp","href":"https:\/\/api.w.org\/{rel}","templated":true}]}}