{"id":3139,"date":"2019-02-06T19:53:36","date_gmt":"2019-02-06T21:53:36","guid":{"rendered":"http:\/\/coronelxavierchaves.mg.gov.br\/prefeitura\/?p=3139"},"modified":"2019-03-21T20:58:32","modified_gmt":"2019-03-21T23:58:32","slug":"aquisicao-parcelada-de-combustivel-para-a-frota-de-veiculos-da-prefeitura-municipal-pl-09-2019","status":"publish","type":"post","link":"https:\/\/coronelxavierchaves.mg.gov.br\/prefeitura\/2019\/02\/06\/aquisicao-parcelada-de-combustivel-para-a-frota-de-veiculos-da-prefeitura-municipal-pl-09-2019\/","title":{"rendered":"AQUISI\u00c7\u00c3O PARCELADA DE COMBUST\u00cdVEL PARA A FROTA DE VE\u00cdCULOS DA PREFEITURA MUNICIPAL (PL 09\/2019)"},"content":{"rendered":"<blockquote><p>DOWNLOADS<\/p><\/blockquote>\n<ul>\n<li><a href=\"http:\/\/coronelxavierchaves.mg.gov.br\/prefeitura\/wp-content\/uploads\/2019\/02\/05-EDITAL-AQUISI\u00c7\u00c3O-COMBUST\u00cdVEL-2019.pdf\" target=\"_blank\" rel=\"noopener\">EDITAL<\/a>, publicado em 06\/02\/2019 \u00e0s 19:55h.<\/li>\n<li><a href=\"http:\/\/coronelxavierchaves.mg.gov.br\/prefeitura\/wp-content\/uploads\/2019\/03\/09-ATA-DE-HABILITA\u00c7\u00c3O.pdf\" target=\"_blank\" rel=\"noopener\">ATA DE HABILITA\u00c7\u00c3O<\/a>, publicado em 21\/03\/2019 \u00e0s 20:51h.<\/li>\n<\/ul>\n<p>&nbsp;<\/p>\n<p>&nbsp;<\/p>\n<blockquote><p>OBJETO<\/p><\/blockquote>\n<p>AQUISI\u00c7\u00c3O PARCELADA DE COMBUST\u00cdVEL PARA A FROTA DE VE\u00cdCULOS DA PREFEITURA MUNICIPAL (PL 09\/2019)<\/p>\n<p>&nbsp;<\/p>\n<p>&nbsp;<\/p>\n<blockquote><p>RESUMO<\/p><\/blockquote>\n<table>\n<tbody>\n<tr>\n<td width=\"337\">Processo Licitat\u00f3rio n\u00ba:\u00a0<strong>09\/2019<\/strong><\/p>\n<p>Preg\u00e3o Presencial n\u00ba:\u00a0<strong>05\/2019<\/strong><\/p>\n<p>Credenciamento:<strong>\u00a012\/03\/2019 \u00e0s 08h00min<\/strong><\/p>\n<p>Abertura:\u00a0<strong>12\/03\/2019<\/strong><\/td>\n<td width=\"309\">Tipo:\u00a0<strong>MENOR PRE\u00c7O POR ITEM<\/strong><\/p>\n<p>Hor\u00e1rio de abertura:\u00a0<strong>Ap\u00f3s o credenciamento<\/strong><\/p>\n<p>Local:\u00a0<strong>Prefeitura Municipal de Coronel Xavier Chaves<\/strong><\/td>\n<\/tr>\n<\/tbody>\n<\/table>\n<p>.<\/p>\n<p>&nbsp;<\/p>\n<div class=\"printshowonly\">\n<p>*<b>PUBLICA\u00c7\u00c3O<\/b><\/p>\n<ul>\n<li>Um destaque desta publica\u00e7\u00e3o foi gerado na p\u00e1gina inicial do site, dispon\u00edvel at\u00e9 que demais publica\u00e7\u00f5es sejam realizadas.<\/li>\n<li>Uma publica\u00e7\u00e3o permanente foi feita na p\u00e1gina de Editais e Licita\u00e7\u00f5es.<\/li>\n<li>Link para acesso:\u00a0http:\/\/coronelxavierchaves.mg.gov.br\/prefeitura\/wp-json\/wp\/v2\/posts\/3139<\/li>\n<\/ul>\n<\/div>\n","protected":false},"excerpt":{"rendered":"<p>DOWNLOADS EDITAL, publicado em 06\/02\/2019 \u00e0s 19:55h. ATA DE HABILITA\u00c7\u00c3O, publicado em 21\/03\/2019 \u00e0s 20:51h. &nbsp; &nbsp; OBJETO AQUISI\u00c7\u00c3O PARCELADA DE COMBUST\u00cdVEL PARA A FROTA DE VE\u00cdCULOS DA PREFEITURA MUNICIPAL (PL 09\/2019) &nbsp; &nbsp; RESUMO Processo Licitat\u00f3rio n\u00ba:\u00a009\/2019 Preg\u00e3o Presencial n\u00ba:\u00a005\/2019 Credenciamento:\u00a012\/03\/2019 \u00e0s 08h00min Abertura:\u00a012\/03\/2019 Tipo:\u00a0MENOR PRE\u00c7O POR ITEM Hor\u00e1rio de abertura:\u00a0Ap\u00f3s o credenciamento Local:\u00a0Prefeitura [&hellip;]<\/p>\n","protected":false},"author":1,"featured_media":737,"comment_status":"open","ping_status":"open","sticky":false,"template":"","format":"standard","meta":{"footnotes":"","_links_to":"","_links_to_target":""},"categories":[43],"tags":[],"class_list":{"0":"post-3139","1":"post","2":"type-post","3":"status-publish","4":"format-standard","5":"has-post-thumbnail","7":"category-editais-de-licitacao-2019"},"_links":{"self":[{"href":"https:\/\/coronelxavierchaves.mg.gov.br\/prefeitura\/wp-json\/wp\/v2\/posts\/3139","targetHints":{"allow":["GET"]}}],"collection":[{"href":"https:\/\/coronelxavierchaves.mg.gov.br\/prefeitura\/wp-json\/wp\/v2\/posts"}],"about":[{"href":"https:\/\/coronelxavierchaves.mg.gov.br\/prefeitura\/wp-json\/wp\/v2\/types\/post"}],"author":[{"embeddable":true,"href":"https:\/\/coronelxavierchaves.mg.gov.br\/prefeitura\/wp-json\/wp\/v2\/users\/1"}],"replies":[{"embeddable":true,"href":"https:\/\/coronelxavierchaves.mg.gov.br\/prefeitura\/wp-json\/wp\/v2\/comments?post=3139"}],"version-history":[{"count":0,"href":"https:\/\/coronelxavierchaves.mg.gov.br\/prefeitura\/wp-json\/wp\/v2\/posts\/3139\/revisions"}],"wp:featuredmedia":[{"embeddable":true,"href":"https:\/\/coronelxavierchaves.mg.gov.br\/prefeitura\/wp-json\/wp\/v2\/media\/737"}],"wp:attachment":[{"href":"https:\/\/coronelxavierchaves.mg.gov.br\/prefeitura\/wp-json\/wp\/v2\/media?parent=3139"}],"wp:term":[{"taxonomy":"category","embeddable":true,"href":"https:\/\/coronelxavierchaves.mg.gov.br\/prefeitura\/wp-json\/wp\/v2\/categories?post=3139"},{"taxonomy":"post_tag","embeddable":true,"href":"https:\/\/coronelxavierchaves.mg.gov.br\/prefeitura\/wp-json\/wp\/v2\/tags?post=3139"}],"curies":[{"name":"wp","href":"https:\/\/api.w.org\/{rel}","templated":true}]}}