{"id":3154,"date":"2019-02-07T23:25:15","date_gmt":"2019-02-08T01:25:15","guid":{"rendered":"http:\/\/coronelxavierchaves.mg.gov.br\/prefeitura\/?p=3154"},"modified":"2023-01-13T15:18:13","modified_gmt":"2023-01-13T18:18:13","slug":"contratacao-de-empresa-para-prestacao-de-servicos-de-assessoria-e-consultoria-tecnica-em-gestao-pl-10-2019","status":"publish","type":"post","link":"https:\/\/coronelxavierchaves.mg.gov.br\/prefeitura\/2019\/02\/07\/contratacao-de-empresa-para-prestacao-de-servicos-de-assessoria-e-consultoria-tecnica-em-gestao-pl-10-2019\/","title":{"rendered":"CONTRATA\u00c7\u00c3O DE EMPRESA PARA PRESTA\u00c7\u00c3O DE SERVI\u00c7OS DE ASSESSORIA E CONSULTORIA T\u00c9CNICA EM GEST\u00c3O&#8230; (PL 10\/2019)"},"content":{"rendered":"<blockquote><p>DOWNLOADS<\/p><\/blockquote>\n<ul>\n<li><a href=\"http:\/\/coronelxavierchaves.mg.gov.br\/prefeitura\/wp-content\/uploads\/2019\/02\/06-EDITAL-ACESSORIA-E-CONSULTORIA-GEST\u00c3O-DE-CONV\u00caNIOS.pdf\" target=\"_blank\" rel=\"noopener\">EDITAL<\/a>, publicado em 07\/02\/2019 \u00e0s 23:25h.<\/li>\n<li><a href=\"http:\/\/coronelxavierchaves.mg.gov.br\/prefeitura\/wp-content\/uploads\/2019\/03\/12-CONTRATO-ASSES-E-CONS-CONV%C3%8ANIOS-1.pdf\" target=\"_blank\" rel=\"noopener\">CONTRATO<\/a>, publicado em 17\/03\/2019 \u00e0s 09:55h.<\/li>\n<li><a href=\"http:\/\/coronelxavierchaves.mg.gov.br\/prefeitura\/wp-content\/uploads\/2020\/02\/1\u00ba-TERMO-ADITAMENTO-CONTRATACAO-ASSESSORIA-CONV\u00caNIOS.pdf\" target=\"_blank\" rel=\"noopener noreferrer\">1\u00ba TERMO ADITIVO DE CONTRATO<\/a>, publicado em 29\/02\/2020 \u00e0s 06:51h.<\/li>\n<li><a href=\"http:\/\/coronelxavierchaves.mg.gov.br\/prefeitura\/wp-content\/uploads\/2019\/02\/2o-TERMO-ADITAMENTO-CONTRATACAO-ASSESSORIA-CONVENIOS.pdf\">2\u00ba TERMO ADITIVO DE CONTRATO<\/a>, publicado em 04\/01\/2021 \u00e0s 10:28h.<\/li>\n<li><del><a href=\"http:\/\/coronelxavierchaves.mg.gov.br\/prefeitura\/wp-content\/uploads\/2022\/01\/3o-TERMO-ADITAMENTO-CONTRATACAO-ASSESSORIA-CONVENIOS-PUBLICAR.pdf\">3\u00ba TERMO ADITIVO DE CONTRATO<\/a>, publicado em 03\/01\/2022 \u00e0s 10:54h.<\/del> Retificado em 01\/02\/2022<\/li>\n<li><a href=\"http:\/\/coronelxavierchaves.mg.gov.br\/prefeitura\/wp-content\/uploads\/2019\/02\/3o-TERMO-ADITAMENTO-CONTRATACAO-ASSESSORIA-CONVENIOS-PUBLICAR-1.pdf\">3\u00ba TERMO ADITIVO DE CONTRATO RETIFICADO<\/a>, publicado em 01\/02\/2022 \u00e0s 11:30h.<\/li>\n<li><a href=\"http:\/\/coronelxavierchaves.mg.gov.br\/prefeitura\/wp-content\/uploads\/2023\/01\/4o-TERMO-ADITAMENTO-CONTRATACAO-ASSESSORIA-CONVENIOS-PUBLICAR.pdf\">4\u00ba TERMO ADITIVO<\/a>, publicado em 13\/01\/2023 \u00e0s 15:18h.<\/li>\n<\/ul>\n<p>&nbsp;<\/p>\n<p>&nbsp;<\/p>\n<blockquote><p>OBJETO<\/p><\/blockquote>\n<p style=\"text-align: justify;\">CONTRATA\u00c7\u00c3O DE EMPRESA PARA PRESTA\u00c7\u00c3O DE SERVI\u00c7OS DE ASSESSORIA E CONSULTORIA T\u00c9CNICA EM GEST\u00c3O DE CONV\u00caNIOS, ELABORA\u00c7\u00c3O E CORRE\u00c7\u00c3O DE PROJETOS, PROPOSTAS, PLANOS DE TRABALHO, ENCAMINHAMENTOS, ACOMPANHAMENTO E APOIO NA PRESTA\u00c7\u00c3O DE CONTAS DE PROJETOS JUNTO A \u00d3RG\u00c3OS DOS GOVERNOS ESTADUAL E FEDERAL\u00a0COMPANHAMENTO E MONITORAMENTO DOS SISTEMAS SICONV, FNS, SISMOB, SIGCON, BEM COMO TERMOS DE COMPROMISSO, CONTRATOS DE REPASSE, CONV\u00caNIOS ENTRE OUTROS INSTRUMENTOS CONG\u00caNERES. ACOMPANHAMENTO DA DISPONIBILIZA\u00c7\u00c3O DE EDITAIS E RECURSOS GOVERNAMENTAIS PARA TRANSFER\u00caNCIA VOLUNT\u00c1RIA. ASSESSORIA NA INTERPRETA\u00c7\u00c3O, ORIENTA\u00c7\u00c3O E\u00a0APLICA\u00c7\u00c3O DOS ARCABOU\u00c7OS LEGAIS APLICADOS AOS CONV\u00caNIOS. ASSESSORIA E<br \/>\nORIENTA\u00c7\u00c3O OR\u00c7AMENTARIA APLICADA AOS CONV\u00caNIOS E SUA EXECU\u00c7\u00c3O<\/p>\n<p>&nbsp;<\/p>\n<p>&nbsp;<\/p>\n<blockquote><p>RESUMO<\/p><\/blockquote>\n<table>\n<tbody>\n<tr>\n<td width=\"317\">Processo Licitat\u00f3rio N.\u00ba:\u00a0<strong>10\/2019<\/strong><\/p>\n<p>Preg\u00e3o Presencial N.\u00ba:\u00a0<strong>06\/2019<\/strong><\/p>\n<p>Credenciamento:<strong>\u00a014\/03\/2019 \u00e0s 08h00min<\/strong><\/p>\n<p>Abertura:\u00a0<strong>14\/03\/2019 ap\u00f3s o credenciamento<\/strong><\/td>\n<td width=\"317\">Tipo:\u00a0<strong>MENOR PRE\u00c7O POR ITEM<\/strong><\/p>\n<p>Hor\u00e1rio de abertura:\u00a0<strong>Ap\u00f3s o credenciamento<\/strong><\/p>\n<p>Local:\u00a0<strong>Prefeitura Municipal de Coronel Xavier Chaves<\/strong><\/td>\n<\/tr>\n<\/tbody>\n<\/table>\n<p style=\"font-weight: 400;\"><strong>\u00a0<\/strong><\/p>\n<p>&nbsp;<\/p>\n<div class=\"printshowonly\">\n<p>*<b>PUBLICA\u00c7\u00c3O<\/b><\/p>\n<ul>\n<li>Um destaque desta publica\u00e7\u00e3o foi gerado na p\u00e1gina inicial do site, dispon\u00edvel at\u00e9 que demais publica\u00e7\u00f5es sejam realizadas.<\/li>\n<li>Uma publica\u00e7\u00e3o permanente foi feita na p\u00e1gina de Editais e Licita\u00e7\u00f5es.<\/li>\n<li>Link para acesso:\u00a0http:\/\/coronelxavierchaves.mg.gov.br\/prefeitura\/wp-json\/wp\/v2\/posts\/3154<\/li>\n<\/ul>\n<\/div>\n","protected":false},"excerpt":{"rendered":"<p>DOWNLOADS EDITAL, publicado em 07\/02\/2019 \u00e0s 23:25h. CONTRATO, publicado em 17\/03\/2019 \u00e0s 09:55h. 1\u00ba TERMO ADITIVO DE CONTRATO, publicado em 29\/02\/2020 \u00e0s 06:51h. 2\u00ba TERMO ADITIVO DE CONTRATO, publicado em 04\/01\/2021 \u00e0s 10:28h. 3\u00ba TERMO ADITIVO DE CONTRATO, publicado em 03\/01\/2022 \u00e0s 10:54h. Retificado em 01\/02\/2022 3\u00ba TERMO ADITIVO DE CONTRATO RETIFICADO, publicado em 01\/02\/2022 [&hellip;]<\/p>\n","protected":false},"author":1,"featured_media":737,"comment_status":"open","ping_status":"open","sticky":false,"template":"","format":"standard","meta":{"footnotes":"","_links_to":"","_links_to_target":""},"categories":[43],"tags":[],"class_list":{"0":"post-3154","1":"post","2":"type-post","3":"status-publish","4":"format-standard","5":"has-post-thumbnail","7":"category-editais-de-licitacao-2019"},"_links":{"self":[{"href":"https:\/\/coronelxavierchaves.mg.gov.br\/prefeitura\/wp-json\/wp\/v2\/posts\/3154","targetHints":{"allow":["GET"]}}],"collection":[{"href":"https:\/\/coronelxavierchaves.mg.gov.br\/prefeitura\/wp-json\/wp\/v2\/posts"}],"about":[{"href":"https:\/\/coronelxavierchaves.mg.gov.br\/prefeitura\/wp-json\/wp\/v2\/types\/post"}],"author":[{"embeddable":true,"href":"https:\/\/coronelxavierchaves.mg.gov.br\/prefeitura\/wp-json\/wp\/v2\/users\/1"}],"replies":[{"embeddable":true,"href":"https:\/\/coronelxavierchaves.mg.gov.br\/prefeitura\/wp-json\/wp\/v2\/comments?post=3154"}],"version-history":[{"count":6,"href":"https:\/\/coronelxavierchaves.mg.gov.br\/prefeitura\/wp-json\/wp\/v2\/posts\/3154\/revisions"}],"predecessor-version":[{"id":16079,"href":"https:\/\/coronelxavierchaves.mg.gov.br\/prefeitura\/wp-json\/wp\/v2\/posts\/3154\/revisions\/16079"}],"wp:featuredmedia":[{"embeddable":true,"href":"https:\/\/coronelxavierchaves.mg.gov.br\/prefeitura\/wp-json\/wp\/v2\/media\/737"}],"wp:attachment":[{"href":"https:\/\/coronelxavierchaves.mg.gov.br\/prefeitura\/wp-json\/wp\/v2\/media?parent=3154"}],"wp:term":[{"taxonomy":"category","embeddable":true,"href":"https:\/\/coronelxavierchaves.mg.gov.br\/prefeitura\/wp-json\/wp\/v2\/categories?post=3154"},{"taxonomy":"post_tag","embeddable":true,"href":"https:\/\/coronelxavierchaves.mg.gov.br\/prefeitura\/wp-json\/wp\/v2\/tags?post=3154"}],"curies":[{"name":"wp","href":"https:\/\/api.w.org\/{rel}","templated":true}]}}